{"id":405323,"date":"2024-06-23T17:55:43","date_gmt":"2024-06-23T15:55:43","guid":{"rendered":"https:\/\/www.pcnen.com\/portal\/?p=405323"},"modified":"2024-06-23T17:56:59","modified_gmt":"2024-06-23T15:56:59","slug":"mc-zaustaviti-skriveno-politicko-oglasavanje-i-propagandu-na-tvcg","status":"publish","type":"post","link":"https:\/\/www.pcnen.com\/portal\/2024\/06\/23\/mc-zaustaviti-skriveno-politicko-oglasavanje-i-propagandu-na-tvcg\/","title":{"rendered":"MC: Zaustaviti skriveno politi\u010dko ogla\u0161avanje i propagandu na TVCG"},"content":{"rendered":"<p>Media centar je danas skrenuo pa\u017enju na kr\u0161enje programskih principa i profesionalnih standarda od strane nacionalnog javnog emitera TVCG i tim povodom se obratio ombudsmanu RTCG i Agenciji za elektronske medije. Kr\u0161enje se, prema mi\u0161ljenju Media centra, desilo u <a href=\"https:\/\/rtcg.me\/tv\/emisije\/informativni\/dnevnik-2\/569230\/dnevnik-22062024.html\" target=\"_blank\" rel=\"noopener\">Dnevniku 2<\/a>, emitovanom ju\u010de, u kome je objavljen op\u0161iran izvje\u0161taj (4 minuta) sa skupa Pokreta Evropa sad na kome je osnovan odbor ove parlamentarne stranke za Podgoricu.<\/p>\n<p>&#8220;Ovakvo izvje\u0161tavanje sa strana\u010dkog skupa, prema mi\u0161ljenju Media centra, predstavlja odstupanje od Programsko produkcionog plana RTCG za 2024. godinu i kr\u0161enje Pravilnika o programskim principima i profesionalnim standardima RTCG. Odstupanje se ogleda u tome \u0161to ovakvo izvje\u0161tavanje sa partijskih skupova ne mo\u017ee da se podvede pod profesionalno i izbalansirano izvje\u0161tavanje, kako je najavljeno u obe\u0107ano u dijelu Programsko-produkcionog plana koji se odnosi na TVCG. Izvje\u0161tavanje ovog tipa, kako smo naveli u jednom od ranijih prigovora, ne uklapa se u jedan od ciljeva navedenih u Pravilniku o programskim principima i profesionalnim standardima RTCG koji glasi: \u201cpravovremeno, sveobuhvatno, objektivno, uravnote\u017eeno i vjerodostojno obra\u0111uju doga\u0111aje u Crnoj Gori, regionu i \u0161ire, podr\u017eavaju\u0107i fer i konstruktivan dijalog na lokalnom, regionalnom i nacionalnom nivou\u201d. U pomenutom Pravilniku RTCG se ka\u017ee, tako\u0111e, da na osnovu \u010dlana 51 Zakona o izboru odbornika i poslanika, \u201cu programima RTCG nije dozvoljena politi\u010dka propaganda, osim u vrijeme predizborne kampanje\u201d, navodi se u <a href=\"https:\/\/mediacentar.me\/zaustaviti-skriveno-politicko-oglasavanje-i-propagandu-na-tvcg\/\" target=\"_blank\" rel=\"noopener\">saop\u0161tenju<\/a> Media centra.<\/p>\n","protected":false},"excerpt":{"rendered":"<p>Media centar je danas skrenuo pa\u017enju na kr\u0161enje programskih principa i profesionalnih standarda od strane nacionalnog javnog emitera TVCG i tim povodom se obratio ombudsmanu RTCG i Agenciji za elektronske medije<\/p>\n","protected":false},"author":1,"featured_media":405326,"comment_status":"open","ping_status":"closed","sticky":false,"template":"","format":"standard","meta":{"_seopress_robots_primary_cat":"none","_seopress_titles_title":"","_seopress_titles_desc":"","_seopress_robots_index":"","_et_pb_use_builder":"","_et_pb_old_content":"","_et_gb_content_width":"","inline_featured_image":false,"footnotes":""},"categories":[14],"tags":[],"class_list":["post-405323","post","type-post","status-publish","format-standard","has-post-thumbnail","hentry","category-vijesti"],"_links":{"self":[{"href":"https:\/\/www.pcnen.com\/portal\/wp-json\/wp\/v2\/posts\/405323","targetHints":{"allow":["GET"]}}],"collection":[{"href":"https:\/\/www.pcnen.com\/portal\/wp-json\/wp\/v2\/posts"}],"about":[{"href":"https:\/\/www.pcnen.com\/portal\/wp-json\/wp\/v2\/types\/post"}],"author":[{"embeddable":true,"href":"https:\/\/www.pcnen.com\/portal\/wp-json\/wp\/v2\/users\/1"}],"replies":[{"embeddable":true,"href":"https:\/\/www.pcnen.com\/portal\/wp-json\/wp\/v2\/comments?post=405323"}],"version-history":[{"count":3,"href":"https:\/\/www.pcnen.com\/portal\/wp-json\/wp\/v2\/posts\/405323\/revisions"}],"predecessor-version":[{"id":405329,"href":"https:\/\/www.pcnen.com\/portal\/wp-json\/wp\/v2\/posts\/405323\/revisions\/405329"}],"wp:featuredmedia":[{"embeddable":true,"href":"https:\/\/www.pcnen.com\/portal\/wp-json\/wp\/v2\/media\/405326"}],"wp:attachment":[{"href":"https:\/\/www.pcnen.com\/portal\/wp-json\/wp\/v2\/media?parent=405323"}],"wp:term":[{"taxonomy":"category","embeddable":true,"href":"https:\/\/www.pcnen.com\/portal\/wp-json\/wp\/v2\/categories?post=405323"},{"taxonomy":"post_tag","embeddable":true,"href":"https:\/\/www.pcnen.com\/portal\/wp-json\/wp\/v2\/tags?post=405323"}],"curies":[{"name":"wp","href":"https:\/\/api.w.org\/{rel}","templated":true}]}}