{"id":405308,"date":"2024-06-23T11:41:37","date_gmt":"2024-06-23T09:41:37","guid":{"rendered":"https:\/\/www.pcnen.com\/portal\/?p=405308"},"modified":"2024-06-23T11:41:37","modified_gmt":"2024-06-23T09:41:37","slug":"bivsi-general-nato-vesli-klark-danas-na-kosovu-ranije-bio-zainteresovan-za-sumnjive-investicije","status":"publish","type":"post","link":"https:\/\/www.pcnen.com\/portal\/2024\/06\/23\/bivsi-general-nato-vesli-klark-danas-na-kosovu-ranije-bio-zainteresovan-za-sumnjive-investicije\/","title":{"rendered":"Biv\u0161i general NATO Vesli Klark danas na Kosovu, ranije bio zainteresovan za sumnjive investicije"},"content":{"rendered":"<p>Biv\u0161i general NATO Vesli Klark boravi danas na Kosovu, a u Pri\u0161tini se sastao sa predsjednikom DSK Ljumirom Abdid\u017eikuom, koji mu je uru\u010dio priznanje te stranke &#8220;Ibrahim Rugova&#8221;, za &#8220;istorijsku ulogu i doprinos oslobo\u0111enju Kosova&#8221;.<\/p>\n<p>Klark je istakao da se nada da \u0107e Kosovo nastaviti da ja\u010da veze sa SAD.<\/p>\n<p>Naveo je da su DSK i njen prvi predsjednik Ibrahim Rugova odigrali &#8220;izuzetnu&#8221; ulogu prije 25 godina.<\/p>\n<p>&#8220;Mislim da je uspjeh intervencije Natoa, za razliku od drugih zemalja u kojima je Alijansa intervenisala, to \u0161to su DSK i Rugova radili na Kosovu&#8221;, rekao je Klark, <a href=\"https:\/\/www.kosovo-online.com\/vesti\/politika\/hamza-sa-klarkom-zajedno-smo-i-bicemo-uvek-kosovo-je-dom-svakog-amerikanca-23-6-2024\" target=\"_blank\" rel=\"noopener\">prenosi<\/a> Kosovo-online.com.<\/p>\n<p>U istra\u017eiva\u010dkom tekstu &#8220;<a href=\"https:\/\/www.pcnen.com\/portal\/2024\/02\/18\/kako-su-sad-slomile-kosovo-i-sta-to-znaci-za-ukrajinu\/\" target=\"_blank\" rel=\"noopener\">Kako su SAD slomile Kosovo i \u0161ta to zna\u010di za Ukrajinu<\/a>&#8220;, general Klark se dovodi u vezu sa sumnjivim investicimama po\u010dev od 2012, kada &#8220;poku\u0161ava da obezbijedi prava na ogromne rezerve lignita na Kosovu, pete po veli\u010dini u svijetu, za kanadsku Envidity Energy Inc., gdje je bio predsjednik&#8221;.<\/p>\n<p>&#8220;Rije\u010d o Klarkovom planu uznemirila je Program Ujedinjenih nacija za razvoj, koji je u Procjeni rizika od korupcije za kosovski rudarski sektor iz 2016. naveo da bi &#8216;projekat Envidity bio protivzakonit&#8217; prema prethodnom zakonu. Kriti\u010dari su bili zabrinuti da \u0107e Kosovu biti oduzeti resursi, a profit ide u d\u017eepove stranih investitora.<\/p>\n","protected":false},"excerpt":{"rendered":"<p>Biv\u0161i general NATO Vesli Klark boravi danas na Kosovu, a u Pri\u0161tini se sastao sa predsjednikom DSK Ljumirom Abdid\u017eikuom, koji mu je uru\u010dio priznanje te stranke &#8220;Ibrahim Rugova&#8221;, za &#8220;istorijsku ulogu i doprinos oslobo\u0111enju Kosova&#8221;<\/p>\n","protected":false},"author":1,"featured_media":347736,"comment_status":"open","ping_status":"closed","sticky":false,"template":"","format":"standard","meta":{"_seopress_robots_primary_cat":"none","_seopress_titles_title":"","_seopress_titles_desc":"","_seopress_robots_index":"","_et_pb_use_builder":"","_et_pb_old_content":"","_et_gb_content_width":"","inline_featured_image":false,"footnotes":""},"categories":[14],"tags":[],"class_list":["post-405308","post","type-post","status-publish","format-standard","has-post-thumbnail","hentry","category-vijesti"],"_links":{"self":[{"href":"https:\/\/www.pcnen.com\/portal\/wp-json\/wp\/v2\/posts\/405308","targetHints":{"allow":["GET"]}}],"collection":[{"href":"https:\/\/www.pcnen.com\/portal\/wp-json\/wp\/v2\/posts"}],"about":[{"href":"https:\/\/www.pcnen.com\/portal\/wp-json\/wp\/v2\/types\/post"}],"author":[{"embeddable":true,"href":"https:\/\/www.pcnen.com\/portal\/wp-json\/wp\/v2\/users\/1"}],"replies":[{"embeddable":true,"href":"https:\/\/www.pcnen.com\/portal\/wp-json\/wp\/v2\/comments?post=405308"}],"version-history":[{"count":1,"href":"https:\/\/www.pcnen.com\/portal\/wp-json\/wp\/v2\/posts\/405308\/revisions"}],"predecessor-version":[{"id":405311,"href":"https:\/\/www.pcnen.com\/portal\/wp-json\/wp\/v2\/posts\/405308\/revisions\/405311"}],"wp:featuredmedia":[{"embeddable":true,"href":"https:\/\/www.pcnen.com\/portal\/wp-json\/wp\/v2\/media\/347736"}],"wp:attachment":[{"href":"https:\/\/www.pcnen.com\/portal\/wp-json\/wp\/v2\/media?parent=405308"}],"wp:term":[{"taxonomy":"category","embeddable":true,"href":"https:\/\/www.pcnen.com\/portal\/wp-json\/wp\/v2\/categories?post=405308"},{"taxonomy":"post_tag","embeddable":true,"href":"https:\/\/www.pcnen.com\/portal\/wp-json\/wp\/v2\/tags?post=405308"}],"curies":[{"name":"wp","href":"https:\/\/api.w.org\/{rel}","templated":true}]}}