{"id":405296,"date":"2024-06-23T10:40:37","date_gmt":"2024-06-23T08:40:37","guid":{"rendered":"https:\/\/www.pcnen.com\/portal\/?p=405296"},"modified":"2024-06-23T10:40:37","modified_gmt":"2024-06-23T08:40:37","slug":"izraelska-vojska-ranjenog-palestinca-vezala-za-haubu-dzipa-video","status":"publish","type":"post","link":"https:\/\/www.pcnen.com\/portal\/2024\/06\/23\/izraelska-vojska-ranjenog-palestinca-vezala-za-haubu-dzipa-video\/","title":{"rendered":"Izraelska vojska ranjenog Palestinca vezala za haubu d\u017eipa (video)"},"content":{"rendered":"<p>Izraelske snage su tokom racije na grad D\u017eenin na okupiranoj Zapadnoj obali zavezale ranjenog Palestinca za haubu vojnog d\u017eipa, koriste\u0107i ga kao \u017eivi \u0161tit, <a href=\"https:\/\/balkans.aljazeera.net\/news\/world\/2024\/6\/23\/zivi-stit-izraelska-vojska-ranjenog-palestinca-vezala-za-haubu-dzipa\" target=\"_blank\" rel=\"noopener\">izvje\u0161tava<\/a> Al D\u017eazira.<\/p>\n<p>Video koji je u subotu objavljen na internetu, a kojeg je verifikovala Al D\u017eazira, prikazuje Mud\u017eaheda Azmija, Palestinca iz D\u017eenina, zavezanog za vojni d\u017eip koji prolazi pored vozila hitne pomo\u0107i.<\/p>\n<p>Azmijeva porodica je novinskoj agenciji Rojters rekla da su izraelske snage izvele raciju hap\u0161enja u D\u017eeninu, tokom koje je on ranjen.<\/p>\n<p>Nakon \u0161to je porodica tra\u017eila hitnu pomo\u0107, vojska je uzela Azmija, zavezala ga za haubu svog d\u017eipa i odvezla se.<\/p>\n<p>Abdulraouf Mustafa, palestinski voza\u010d hitne pomo\u0107i, je rekao da su im izraelski vojnici odbili predati Azmija.<\/p>\n<p>\u201cD\u017eip je pro\u0161ao, a ranjeni \u010dovjek je bio na haubi\u201d, rekao je Mustafa za Al D\u017eaziri. \u201cJedna ruka mu je bila vezana za vjetrobransko staklo, a druga ruka mu je bila na stomaku. Pro\u0161li su pored nas. Odbili su nam predati pacijenta.\u201d<\/p>\n<p>Izraelska vojska je u saop\u0161tenju navela da je na izraelske snage pucano, pri \u010demu je do\u0161lo do razmjene vatre u kojoj je osumnji\u010denik ranjen i uhap\u0161en.<\/p>\n<p>Vojnici su tada prekr\u0161ili vojni protokol, navedeno je u saop\u0161tenju.<\/p>\n<p>\u201cNa\u0161e snage su odvele osumnji\u010denog nakon \u0161to su ga vezale za vozilo\u201d, rekla je izraelska vojska.<\/p>\n<p>Dodala je da \u201cpostupci njenih snaga koji se vide na videosnimku nisu u skladu s vrijednostima izraelske vojske\u201d, isti\u010du\u0107i da \u0107e \u201cistra\u017eiti incident\u201d.<\/p>\n<p>Izraelski vojnici su kasnije pustili Azmija, dozvoljavaju\u0107u bolni\u010darima da ga prevezu u bolnicu gdje je odveden u operacijsku salu, rekli su zdravstveni radnici.<\/p>\n<blockquote class=\"twitter-tweet\">\n<p dir=\"ltr\" lang=\"en\">The Israeli army using an injured Palestinian civilian as a human shield tied to the front of a military jeep in Jabriyat (Jenin, WB) this morning. The same army which is justifying its war of annihilation in Gaza based on the human shielding argument. <a href=\"https:\/\/t.co\/7pBvp2pjq2\">pic.twitter.com\/7pBvp2pjq2<\/a><\/p>\n<p>\u2014 Nicola Perugini (@PeruginiNic) <a href=\"https:\/\/twitter.com\/PeruginiNic\/status\/1804468197522858492?ref_src=twsrc%5Etfw\">June 22, 2024<\/a><\/p><\/blockquote>\n<p><script async src=\"https:\/\/platform.twitter.com\/widgets.js\" charset=\"utf-8\"><\/script><\/p>\n","protected":false},"excerpt":{"rendered":"<p>Video koji je u subotu objavljen na internetu, a kojeg je verifikovala Al D\u017eazira, prikazuje Mud\u017eaheda Azmija, Palestinca iz D\u017eenina, zavezanog za vojni d\u017eip koji prolazi pored vozila hitne pomo\u0107i<\/p>\n","protected":false},"author":1,"featured_media":405299,"comment_status":"open","ping_status":"closed","sticky":false,"template":"","format":"standard","meta":{"_seopress_robots_primary_cat":"none","_seopress_titles_title":"","_seopress_titles_desc":"","_seopress_robots_index":"","_et_pb_use_builder":"","_et_pb_old_content":"","_et_gb_content_width":"","inline_featured_image":false,"footnotes":""},"categories":[14],"tags":[],"class_list":["post-405296","post","type-post","status-publish","format-standard","has-post-thumbnail","hentry","category-vijesti"],"_links":{"self":[{"href":"https:\/\/www.pcnen.com\/portal\/wp-json\/wp\/v2\/posts\/405296","targetHints":{"allow":["GET"]}}],"collection":[{"href":"https:\/\/www.pcnen.com\/portal\/wp-json\/wp\/v2\/posts"}],"about":[{"href":"https:\/\/www.pcnen.com\/portal\/wp-json\/wp\/v2\/types\/post"}],"author":[{"embeddable":true,"href":"https:\/\/www.pcnen.com\/portal\/wp-json\/wp\/v2\/users\/1"}],"replies":[{"embeddable":true,"href":"https:\/\/www.pcnen.com\/portal\/wp-json\/wp\/v2\/comments?post=405296"}],"version-history":[{"count":1,"href":"https:\/\/www.pcnen.com\/portal\/wp-json\/wp\/v2\/posts\/405296\/revisions"}],"predecessor-version":[{"id":405300,"href":"https:\/\/www.pcnen.com\/portal\/wp-json\/wp\/v2\/posts\/405296\/revisions\/405300"}],"wp:featuredmedia":[{"embeddable":true,"href":"https:\/\/www.pcnen.com\/portal\/wp-json\/wp\/v2\/media\/405299"}],"wp:attachment":[{"href":"https:\/\/www.pcnen.com\/portal\/wp-json\/wp\/v2\/media?parent=405296"}],"wp:term":[{"taxonomy":"category","embeddable":true,"href":"https:\/\/www.pcnen.com\/portal\/wp-json\/wp\/v2\/categories?post=405296"},{"taxonomy":"post_tag","embeddable":true,"href":"https:\/\/www.pcnen.com\/portal\/wp-json\/wp\/v2\/tags?post=405296"}],"curies":[{"name":"wp","href":"https:\/\/api.w.org\/{rel}","templated":true}]}}