{"id":405275,"date":"2024-06-22T21:14:50","date_gmt":"2024-06-22T19:14:50","guid":{"rendered":"https:\/\/www.pcnen.com\/portal\/?p=405275"},"modified":"2024-06-22T21:14:50","modified_gmt":"2024-06-22T19:14:50","slug":"pretezno-suncano-i-nesto-manje-vruce","status":"publish","type":"post","link":"https:\/\/www.pcnen.com\/portal\/2024\/06\/22\/pretezno-suncano-i-nesto-manje-vruce\/","title":{"rendered":"Prete\u017eno sun\u010dano i ne\u0161to manje vru\u0107e"},"content":{"rendered":"<p>Prete\u017eno sun\u010dano i ne\u0161to manje vru\u0107e bi\u0107e u nedjelju u Crnoj Gori.<\/p>\n<p>U sjevernim djelovima zemlje, uz promjenljivu obla\u010dnost, poslijepodne ili tokom no\u0107i lokalno \u0107e biti mogu\u0107a ki\u0161a i grmljavina.<\/p>\n<p>Vjetar slab do umjeren mijenja\u0107e smjer, a krajem dana na sjeveru Crne Gore duva\u0107e ponegdje umjeren do poja\u010dan sjeverni.<\/p>\n<p>Jutarnja temperatura vazduha bi\u0107e u rasponu od 12 do 25, a najvi\u0161a dnevna od 27 do 37 stepeni.<\/p>\n<p>U Podgorici \u0107e biti prete\u017eno sun\u010dano i vru\u0107e.<\/p>\n<p>Vjetar ju\u017eni i jugoisto\u010dni bi\u0107e slab do umjeren.<\/p>\n<p>Jutarnja temperatura vazduha bi\u0107e oko 25, a najvi\u0161a dnevna do 37 stepeni.<\/p>\n","protected":false},"excerpt":{"rendered":"<p>U sjevernim djelovima Crne Gore, uz promjenljivu obla\u010dnost, poslijepodne ili tokom no\u0107i lokalno \u0107e biti mogu\u0107a ki\u0161a i grmljavina<\/p>\n","protected":false},"author":1,"featured_media":322949,"comment_status":"open","ping_status":"closed","sticky":false,"template":"","format":"standard","meta":{"_seopress_robots_primary_cat":"none","_seopress_titles_title":"","_seopress_titles_desc":"","_seopress_robots_index":"","_et_pb_use_builder":"","_et_pb_old_content":"","_et_gb_content_width":"","inline_featured_image":false,"footnotes":""},"categories":[14],"tags":[],"class_list":["post-405275","post","type-post","status-publish","format-standard","has-post-thumbnail","hentry","category-vijesti"],"_links":{"self":[{"href":"https:\/\/www.pcnen.com\/portal\/wp-json\/wp\/v2\/posts\/405275","targetHints":{"allow":["GET"]}}],"collection":[{"href":"https:\/\/www.pcnen.com\/portal\/wp-json\/wp\/v2\/posts"}],"about":[{"href":"https:\/\/www.pcnen.com\/portal\/wp-json\/wp\/v2\/types\/post"}],"author":[{"embeddable":true,"href":"https:\/\/www.pcnen.com\/portal\/wp-json\/wp\/v2\/users\/1"}],"replies":[{"embeddable":true,"href":"https:\/\/www.pcnen.com\/portal\/wp-json\/wp\/v2\/comments?post=405275"}],"version-history":[{"count":1,"href":"https:\/\/www.pcnen.com\/portal\/wp-json\/wp\/v2\/posts\/405275\/revisions"}],"predecessor-version":[{"id":405278,"href":"https:\/\/www.pcnen.com\/portal\/wp-json\/wp\/v2\/posts\/405275\/revisions\/405278"}],"wp:featuredmedia":[{"embeddable":true,"href":"https:\/\/www.pcnen.com\/portal\/wp-json\/wp\/v2\/media\/322949"}],"wp:attachment":[{"href":"https:\/\/www.pcnen.com\/portal\/wp-json\/wp\/v2\/media?parent=405275"}],"wp:term":[{"taxonomy":"category","embeddable":true,"href":"https:\/\/www.pcnen.com\/portal\/wp-json\/wp\/v2\/categories?post=405275"},{"taxonomy":"post_tag","embeddable":true,"href":"https:\/\/www.pcnen.com\/portal\/wp-json\/wp\/v2\/tags?post=405275"}],"curies":[{"name":"wp","href":"https:\/\/api.w.org\/{rel}","templated":true}]}}