{"id":405270,"date":"2024-06-22T19:58:03","date_gmt":"2024-06-22T17:58:03","guid":{"rendered":"https:\/\/www.pcnen.com\/portal\/?p=405270"},"modified":"2024-06-22T19:58:03","modified_gmt":"2024-06-22T17:58:03","slug":"faraz-rekao-da-je-zapad-isprovocirao-putina-da-napadne-ukrajinu","status":"publish","type":"post","link":"https:\/\/www.pcnen.com\/portal\/2024\/06\/22\/faraz-rekao-da-je-zapad-isprovocirao-putina-da-napadne-ukrajinu\/","title":{"rendered":"Fara\u017e rekao da je Zapad isprovocirao Putina da napadne Ukrajinu"},"content":{"rendered":"<p>Najd\u017eel Fara\u017e, vo\u0111a desni\u010darske Reformske partije Ujedinjenog Kraljevstva, kritikovan je \u0161irom politi\u010dkog spektra zbog svoje tvrdnje da je Zapad isprovocirao ruskog predsjednika Vladimira Putina da napadne Ukrajinu, a da je Putin bio pomirljiv.<\/p>\n<p>U televizijskom intervjuu BBC, emitovanom u petak uve\u010de, Fara\u017e koji na op\u0161tim izborima 4. jula nastoji da odvu\u010de glasa\u010de od vladajuc\u0301ih britanskih konzervativaca, je uporedio\u00a0 \u0161irenja NATO i Evropske unije na istok tokom poslednjih nekoliko decenija s vremenom ruske invazije.<\/p>\n<p>Tvrdec\u0301i da je upozorio na potencijalni rat u Ukrajini 2014. godine, kada je bio poslanik u Evropskom parlamentu, Fara\u017e je rekao: &#8220;Mi smo isprovocirali taj rat&#8221;.<\/p>\n<p>&#8220;Bilo mi je o\u010digledno da je \u0161irenje NATO-a i Evropske unije na istok tom \u010dovjeku (Putinu) dalo razlog da svom ruskom narodu ka\u017ee: &#8216;Opet dolaze po nas&#8217; i da krene u rat&#8221;, rekao je Fara\u017e. &#8220;To je naravno njegova gre\u0161ka, ali kao izgovor je iskoristio ono \u0161to smo mi uradili&#8221;, prenosi Beta.<\/p>\n","protected":false},"excerpt":{"rendered":"<p>Najd\u017eel Fara\u017e, vo\u0111a desni\u010darske Reformske partije Ujedinjenog Kraljevstva, kritikovan je \u0161irom politi\u010dkog spektra zbog svoje tvrdnje da je Zapad isprovocirao ruskog predsjednika Vladimira Putina da napadne Ukrajinu, a da je Putin bio pomirljiv<\/p>\n","protected":false},"author":1,"featured_media":405273,"comment_status":"open","ping_status":"closed","sticky":false,"template":"","format":"standard","meta":{"_seopress_robots_primary_cat":"none","_seopress_titles_title":"","_seopress_titles_desc":"","_seopress_robots_index":"","_et_pb_use_builder":"","_et_pb_old_content":"","_et_gb_content_width":"","inline_featured_image":false,"footnotes":""},"categories":[14],"tags":[],"class_list":["post-405270","post","type-post","status-publish","format-standard","has-post-thumbnail","hentry","category-vijesti"],"_links":{"self":[{"href":"https:\/\/www.pcnen.com\/portal\/wp-json\/wp\/v2\/posts\/405270","targetHints":{"allow":["GET"]}}],"collection":[{"href":"https:\/\/www.pcnen.com\/portal\/wp-json\/wp\/v2\/posts"}],"about":[{"href":"https:\/\/www.pcnen.com\/portal\/wp-json\/wp\/v2\/types\/post"}],"author":[{"embeddable":true,"href":"https:\/\/www.pcnen.com\/portal\/wp-json\/wp\/v2\/users\/1"}],"replies":[{"embeddable":true,"href":"https:\/\/www.pcnen.com\/portal\/wp-json\/wp\/v2\/comments?post=405270"}],"version-history":[{"count":1,"href":"https:\/\/www.pcnen.com\/portal\/wp-json\/wp\/v2\/posts\/405270\/revisions"}],"predecessor-version":[{"id":405274,"href":"https:\/\/www.pcnen.com\/portal\/wp-json\/wp\/v2\/posts\/405270\/revisions\/405274"}],"wp:featuredmedia":[{"embeddable":true,"href":"https:\/\/www.pcnen.com\/portal\/wp-json\/wp\/v2\/media\/405273"}],"wp:attachment":[{"href":"https:\/\/www.pcnen.com\/portal\/wp-json\/wp\/v2\/media?parent=405270"}],"wp:term":[{"taxonomy":"category","embeddable":true,"href":"https:\/\/www.pcnen.com\/portal\/wp-json\/wp\/v2\/categories?post=405270"},{"taxonomy":"post_tag","embeddable":true,"href":"https:\/\/www.pcnen.com\/portal\/wp-json\/wp\/v2\/tags?post=405270"}],"curies":[{"name":"wp","href":"https:\/\/api.w.org\/{rel}","templated":true}]}}