{"id":405253,"date":"2024-06-22T11:01:29","date_gmt":"2024-06-22T09:01:29","guid":{"rendered":"https:\/\/www.pcnen.com\/portal\/?p=405253"},"modified":"2024-06-22T11:01:29","modified_gmt":"2024-06-22T09:01:29","slug":"dr-popovic-mjesto-na-kome-se-bude-kopao-litijum-nece-biti-ni-za-groblje","status":"publish","type":"post","link":"https:\/\/www.pcnen.com\/portal\/2024\/06\/22\/dr-popovic-mjesto-na-kome-se-bude-kopao-litijum-nece-biti-ni-za-groblje\/","title":{"rendered":"Dr Popovi\u0107: Mjesto na kome se bude kopao litijum ne\u0107e biti ni za groblje"},"content":{"rendered":"<p>Profesorica na Ekonomskom fakultetu u Beogradu Danica Popovi\u0107 je izjavila danas da na lokaciji na kojoj se bude kopao litijum nikada ni\u0161ta ne\u0107e mo\u0107i da raste i da ta zemlja ne\u0107e biti &#8220;ni za groblje&#8221;.<\/p>\n<p>Popovi\u0107 je za list Nova kazala da se predsjednik Srbije Aleksandar Vu\u010di\u0107 prije dvije godine &#8220;sa stra\u0161\u0107u zalagao za Rio Tinto&#8221; kao \u0161to to radi i sada, ali da je prije dvije i po godine silom morao da odustane.<\/p>\n<p>&#8220;Bogatsvo koje predsednik najavljuje pripalo bi onima koji di\u0161u neki udaljeniji i sve\u017eiji vazduh, a jalovina od jadarita, koju \u0107e kopati, ostaje nama &#8211; zauvek&#8221;, rekla je ona, prenosi Beta.<\/p>\n","protected":false},"excerpt":{"rendered":"<p>Profesorica na Ekonomskom fakultetu u Beogradu Danica Popovi\u0107 je izjavila danas da na lokaciji na kojoj se bude kopao litijum nikada ni\u0161ta ne\u0107e mo\u0107i da raste i da ta zemlja ne\u0107e biti &#8220;ni za groblje&#8221;<\/p>\n","protected":false},"author":1,"featured_media":336727,"comment_status":"open","ping_status":"closed","sticky":false,"template":"","format":"standard","meta":{"_seopress_robots_primary_cat":"none","_seopress_titles_title":"","_seopress_titles_desc":"","_seopress_robots_index":"","_et_pb_use_builder":"","_et_pb_old_content":"","_et_gb_content_width":"","inline_featured_image":false,"footnotes":""},"categories":[14],"tags":[],"class_list":["post-405253","post","type-post","status-publish","format-standard","has-post-thumbnail","hentry","category-vijesti"],"_links":{"self":[{"href":"https:\/\/www.pcnen.com\/portal\/wp-json\/wp\/v2\/posts\/405253","targetHints":{"allow":["GET"]}}],"collection":[{"href":"https:\/\/www.pcnen.com\/portal\/wp-json\/wp\/v2\/posts"}],"about":[{"href":"https:\/\/www.pcnen.com\/portal\/wp-json\/wp\/v2\/types\/post"}],"author":[{"embeddable":true,"href":"https:\/\/www.pcnen.com\/portal\/wp-json\/wp\/v2\/users\/1"}],"replies":[{"embeddable":true,"href":"https:\/\/www.pcnen.com\/portal\/wp-json\/wp\/v2\/comments?post=405253"}],"version-history":[{"count":1,"href":"https:\/\/www.pcnen.com\/portal\/wp-json\/wp\/v2\/posts\/405253\/revisions"}],"predecessor-version":[{"id":405256,"href":"https:\/\/www.pcnen.com\/portal\/wp-json\/wp\/v2\/posts\/405253\/revisions\/405256"}],"wp:featuredmedia":[{"embeddable":true,"href":"https:\/\/www.pcnen.com\/portal\/wp-json\/wp\/v2\/media\/336727"}],"wp:attachment":[{"href":"https:\/\/www.pcnen.com\/portal\/wp-json\/wp\/v2\/media?parent=405253"}],"wp:term":[{"taxonomy":"category","embeddable":true,"href":"https:\/\/www.pcnen.com\/portal\/wp-json\/wp\/v2\/categories?post=405253"},{"taxonomy":"post_tag","embeddable":true,"href":"https:\/\/www.pcnen.com\/portal\/wp-json\/wp\/v2\/tags?post=405253"}],"curies":[{"name":"wp","href":"https:\/\/api.w.org\/{rel}","templated":true}]}}