{"id":405244,"date":"2024-06-22T10:34:34","date_gmt":"2024-06-22T08:34:34","guid":{"rendered":"https:\/\/www.pcnen.com\/portal\/?p=405244"},"modified":"2024-06-22T10:34:34","modified_gmt":"2024-06-22T08:34:34","slug":"zahtjev-pretres-za-aferu-koverta-da-se-javno-prenosi","status":"publish","type":"post","link":"https:\/\/www.pcnen.com\/portal\/2024\/06\/22\/zahtjev-pretres-za-aferu-koverta-da-se-javno-prenosi\/","title":{"rendered":"Zahtjev: Pretres za aferu &#8216;Koverta&#8217; da se javno prenosi!"},"content":{"rendered":"<p>Pravni tim biznismena Du\u0161ka Kne\u017eevi\u0107a i Atlas Grupe tra\u017ei\u0107e od Vi\u0161eg suda dozvolu za javno preno\u0161enje pretres u vezi afere &#8216;Koverta&#8217;.<\/p>\n<p>U saop\u0161tenju za javnost navodi se da je to &#8220;zbog velikog interesovanja doma\u0107e i strane javnosti, jer je to doga\u0111aj koji je izmijenio demokratski put Crne Gore i bio presudan za pad re\u017eima Mila \u0110ukanovi\u0107a na parlamentarnim izborima 30. avgusta 2020. godine&#8221;.<\/p>\n<p>Poetak glavnog pretres planiran je za 17. jul, a nastavak 18. i 20. septembra.<\/p>\n<p>Afera &#8216;Koverta&#8217; pokrenuta je nakon \u0161to je predsjednik Atlas grupe Du\u0161ko Kne\u017eevi\u0107 2019. godine objavio snimak na kojem se vidi kako tada\u0161njem gradona\u010delniku Podgorice Slavoljubu Stijepovi\u0107u predaje 97.000 eura za finansiranje kampanje Demokratske partije socijalista, \u010diji je lider tada bio Milo \u0110ukanovi\u0107.<\/p>\n<p>Optu\u017enica protiv Stijepovi\u0107a i Kne\u017eevi\u0107a potvr\u0111ena je u maju 2021. godine. Postupak protiv Stijepovi\u0107a dva puta je obustavljan, a sud je naveo da je njegova odbrana prihva\u0107ena kao istinita. Tre\u0107i put, u septembru 2021. godine, sud je potvrdio i taj dio optu\u017enice.<\/p>\n<p><a href=\"https:\/\/www.pcnen.com\/portal\/?s=Koverta%2C+Du%C5%A1ko+Kne%C5%BEevi%C4%87\" target=\"_blank\" rel=\"noopener\">VEZANE VIJESTI<\/a><\/p>\n","protected":false},"excerpt":{"rendered":"<p>Pravni tim biznismena Du\u0161ka Kne\u017eevi\u0107a i Atlas Grupe tra\u017ei\u0107e od Vi\u0161eg suda dozvolu za javno preno\u0161enje pretres u vezi afere &#8216;Koverta&#8217;<\/p>\n","protected":false},"author":1,"featured_media":276541,"comment_status":"open","ping_status":"closed","sticky":false,"template":"","format":"standard","meta":{"_seopress_robots_primary_cat":"none","_seopress_titles_title":"","_seopress_titles_desc":"","_seopress_robots_index":"","_et_pb_use_builder":"","_et_pb_old_content":"","_et_gb_content_width":"","inline_featured_image":false,"footnotes":""},"categories":[14],"tags":[],"class_list":["post-405244","post","type-post","status-publish","format-standard","has-post-thumbnail","hentry","category-vijesti"],"_links":{"self":[{"href":"https:\/\/www.pcnen.com\/portal\/wp-json\/wp\/v2\/posts\/405244","targetHints":{"allow":["GET"]}}],"collection":[{"href":"https:\/\/www.pcnen.com\/portal\/wp-json\/wp\/v2\/posts"}],"about":[{"href":"https:\/\/www.pcnen.com\/portal\/wp-json\/wp\/v2\/types\/post"}],"author":[{"embeddable":true,"href":"https:\/\/www.pcnen.com\/portal\/wp-json\/wp\/v2\/users\/1"}],"replies":[{"embeddable":true,"href":"https:\/\/www.pcnen.com\/portal\/wp-json\/wp\/v2\/comments?post=405244"}],"version-history":[{"count":1,"href":"https:\/\/www.pcnen.com\/portal\/wp-json\/wp\/v2\/posts\/405244\/revisions"}],"predecessor-version":[{"id":405247,"href":"https:\/\/www.pcnen.com\/portal\/wp-json\/wp\/v2\/posts\/405244\/revisions\/405247"}],"wp:featuredmedia":[{"embeddable":true,"href":"https:\/\/www.pcnen.com\/portal\/wp-json\/wp\/v2\/media\/276541"}],"wp:attachment":[{"href":"https:\/\/www.pcnen.com\/portal\/wp-json\/wp\/v2\/media?parent=405244"}],"wp:term":[{"taxonomy":"category","embeddable":true,"href":"https:\/\/www.pcnen.com\/portal\/wp-json\/wp\/v2\/categories?post=405244"},{"taxonomy":"post_tag","embeddable":true,"href":"https:\/\/www.pcnen.com\/portal\/wp-json\/wp\/v2\/tags?post=405244"}],"curies":[{"name":"wp","href":"https:\/\/api.w.org\/{rel}","templated":true}]}}