{"id":405215,"date":"2024-06-21T21:20:34","date_gmt":"2024-06-21T19:20:34","guid":{"rendered":"https:\/\/www.pcnen.com\/portal\/?p=405215"},"modified":"2024-06-21T21:20:34","modified_gmt":"2024-06-21T19:20:34","slug":"andjelkovic-vucica-nece-juriti-po-ulici-jer-ce-on-vec-pobeci-video","status":"publish","type":"post","link":"https:\/\/www.pcnen.com\/portal\/2024\/06\/21\/andjelkovic-vucica-nece-juriti-po-ulici-jer-ce-on-vec-pobeci-video\/","title":{"rendered":"An\u0111elkovi\u0107: Vu\u010di\u0107a ne\u0107e juriti po ulici jer \u0107e on ve\u0107 pobe\u0107i (video)"},"content":{"rendered":"<p>Jovo Baki\u0107, profesor sociologije na Filozofskom fakultetu Univerziteta u Beogradu, razgovara sa Dragomirom An\u0111elkovi\u0107em, politi\u010dkim analiti\u010darem, sa kojim je ukrstio stavove o aktuelnim dru\u0161tveno-politi\u010dkim pitanjima.<\/p>\n<p>An\u0111elkovi\u0107 je naglasio da je ranije izrazitu nacionalnu Vu\u010di\u0107evu crtu smatrao pozitivnom, dok nije uvideo da se radi o \u010distim manipulacijama, odnosno da je u me\u0111uvremenu shvatio da nacionalnu ideju koristi samo kao sredstvo ostanka na vlasti.<\/p>\n<p>\u201eOn je bio taj koji je na mene uticao da budem u ve\u0107oj meri nacionalan. Zna\u010di, ja jesam bio nacionalan, ali ni pribli\u017eno kao on. U me\u0111uvremenu se desilo da ja vidim da je on obi\u010dan prevarant, da njemu nijedna ideja nije bitna. Nacionalna ideja mu je poslu\u017eila da do\u0111e na vlast jer Srbi glasaju za one koji su nacionalni, ali ne deluju opasno. Prose\u010dan srpski bira\u010d je takozvani upla\u0161eni nacionalista, zna\u010di ho\u0107e ne\u0161to nacionalno, al\u2019 se pla\u0161i rizika. I Vu\u010di\u0107 je taman to bio kad se otcepio od radikala i krenuo svojim putem. Zna\u010di, Vu\u010di\u0107 koji dolazi na vlast sa pri\u010dom \u2018prethodni re\u017eim je napravio veliki ustupke oko Kosova, mi \u0107emo proces zaustaviti i postavi\u0107emo ga na racionalne osnove\u2019. \u010cuvena je njegova re\u010denica \u2018Albanci ne\u0107e vladati Severnom Mitrovicom, a mi ne\u0107emo vladati Pri\u0161tinom, to je nerealno, ja \u0107u voditi politiku izme\u0111u toga\u2019. I \u0161ta se desilo \u2013 oni danas vladaju ne Severnom Mitrovicom, nego Leposavi\u0107em. Fakti\u010dki, od kad je do\u0161ao na vlast prvo je ukinuo sve institucije srpske na Kosovu, pa im prepustio kontrolu nad Kosovom, pa pozvao Srbe da iza\u0111u iz pri\u0161tinskih institucija, a sada i lokalnu vlast Albanci imaju na na\u010din koji je neshvatljiv\u201c, rekao je An\u0111elkovi\u0107<\/p>\n<p><iframe loading=\"lazy\" title=\"YouTube video player\" src=\"https:\/\/www.youtube.com\/embed\/n5qa9qUhRng?si=Xa-jWzBrAzJQ_q3Y\" width=\"560\" height=\"315\" frameborder=\"0\" allowfullscreen=\"allowfullscreen\"><\/iframe><\/p>\n","protected":false},"excerpt":{"rendered":"<p>Jovo Baki\u0107, profesor sociologije na Filozofskom fakultetu Univerziteta u Beogradu, razgovara sa Dragomirom An\u0111elkovi\u0107em, politi\u010dkim analiti\u010darem, sa kojim je ukrstio stavove o aktuelnim dru\u0161tveno-politi\u010dkim pitanjima<\/p>\n","protected":false},"author":1,"featured_media":0,"comment_status":"open","ping_status":"closed","sticky":false,"template":"","format":"standard","meta":{"_seopress_robots_primary_cat":"none","_seopress_titles_title":"","_seopress_titles_desc":"","_seopress_robots_index":"","_et_pb_use_builder":"","_et_pb_old_content":"","_et_gb_content_width":"","inline_featured_image":false,"footnotes":""},"categories":[14],"tags":[],"class_list":["post-405215","post","type-post","status-publish","format-standard","hentry","category-vijesti"],"_links":{"self":[{"href":"https:\/\/www.pcnen.com\/portal\/wp-json\/wp\/v2\/posts\/405215","targetHints":{"allow":["GET"]}}],"collection":[{"href":"https:\/\/www.pcnen.com\/portal\/wp-json\/wp\/v2\/posts"}],"about":[{"href":"https:\/\/www.pcnen.com\/portal\/wp-json\/wp\/v2\/types\/post"}],"author":[{"embeddable":true,"href":"https:\/\/www.pcnen.com\/portal\/wp-json\/wp\/v2\/users\/1"}],"replies":[{"embeddable":true,"href":"https:\/\/www.pcnen.com\/portal\/wp-json\/wp\/v2\/comments?post=405215"}],"version-history":[{"count":1,"href":"https:\/\/www.pcnen.com\/portal\/wp-json\/wp\/v2\/posts\/405215\/revisions"}],"predecessor-version":[{"id":405219,"href":"https:\/\/www.pcnen.com\/portal\/wp-json\/wp\/v2\/posts\/405215\/revisions\/405219"}],"wp:attachment":[{"href":"https:\/\/www.pcnen.com\/portal\/wp-json\/wp\/v2\/media?parent=405215"}],"wp:term":[{"taxonomy":"category","embeddable":true,"href":"https:\/\/www.pcnen.com\/portal\/wp-json\/wp\/v2\/categories?post=405215"},{"taxonomy":"post_tag","embeddable":true,"href":"https:\/\/www.pcnen.com\/portal\/wp-json\/wp\/v2\/tags?post=405215"}],"curies":[{"name":"wp","href":"https:\/\/api.w.org\/{rel}","templated":true}]}}