{"id":405211,"date":"2024-06-21T21:01:31","date_gmt":"2024-06-21T19:01:31","guid":{"rendered":"https:\/\/www.pcnen.com\/portal\/?p=405211"},"modified":"2024-06-21T21:01:31","modified_gmt":"2024-06-21T19:01:31","slug":"pretezno-suncano-i-vruce-uz-povremeno-slabu-i-umjerenu-oblacnost","status":"publish","type":"post","link":"https:\/\/www.pcnen.com\/portal\/2024\/06\/21\/pretezno-suncano-i-vruce-uz-povremeno-slabu-i-umjerenu-oblacnost\/","title":{"rendered":"Prete\u017eno sun\u010dano i vru\u0107e, uz povremeno slabu i umjerenu obla\u010dnost"},"content":{"rendered":"<p>Prete\u017eno sun\u010dano i vru\u0107e, uz povremeno slabu i umjerenu obla\u010dnost, bi\u0107e u subotu u Crnoj Gori.<\/p>\n<p>U popodnevnim satima, ponegdje bi\u0107e mogu\u0107a kratkotrajna nestabilnost, prvenstveno u planinskim oblastima.<\/p>\n<p>Naj\u010de\u0161\u0107e ju\u017eni i zapadni vjetar bi\u0107e uglavnom slab do umjeren.<\/p>\n<p>Jutarnja temperatura vazduha bi\u0107e u rasponu od 15 do 26, a najvi\u0161a dnevna od 28 do 39 stepeni.<\/p>\n<p>U Podgorici \u0107e biti prete\u017eno sun\u010dano i vru\u0107e, uz slab do umjeren razvoj obla\u010dnosti.<\/p>\n<p>Slab do umjeren vjetar \u0107e naj\u010de\u0161\u0107e duvati s juga.<\/p>\n<p>Jutarnja temperatura vazduha bi\u0107e do 26, a najvi\u0161a dnevna oko 39 stepeni.<\/p>\n","protected":false},"excerpt":{"rendered":"<p>U popodnevnim satima, ponegdje bi\u0107e mogu\u0107a kratkotrajna nestabilnost, prvenstveno u planinskim oblastima<\/p>\n","protected":false},"author":1,"featured_media":346862,"comment_status":"open","ping_status":"closed","sticky":false,"template":"","format":"standard","meta":{"_seopress_robots_primary_cat":"none","_seopress_titles_title":"","_seopress_titles_desc":"","_seopress_robots_index":"","_et_pb_use_builder":"","_et_pb_old_content":"","_et_gb_content_width":"","inline_featured_image":false,"footnotes":""},"categories":[14],"tags":[],"class_list":["post-405211","post","type-post","status-publish","format-standard","has-post-thumbnail","hentry","category-vijesti"],"_links":{"self":[{"href":"https:\/\/www.pcnen.com\/portal\/wp-json\/wp\/v2\/posts\/405211","targetHints":{"allow":["GET"]}}],"collection":[{"href":"https:\/\/www.pcnen.com\/portal\/wp-json\/wp\/v2\/posts"}],"about":[{"href":"https:\/\/www.pcnen.com\/portal\/wp-json\/wp\/v2\/types\/post"}],"author":[{"embeddable":true,"href":"https:\/\/www.pcnen.com\/portal\/wp-json\/wp\/v2\/users\/1"}],"replies":[{"embeddable":true,"href":"https:\/\/www.pcnen.com\/portal\/wp-json\/wp\/v2\/comments?post=405211"}],"version-history":[{"count":1,"href":"https:\/\/www.pcnen.com\/portal\/wp-json\/wp\/v2\/posts\/405211\/revisions"}],"predecessor-version":[{"id":405214,"href":"https:\/\/www.pcnen.com\/portal\/wp-json\/wp\/v2\/posts\/405211\/revisions\/405214"}],"wp:featuredmedia":[{"embeddable":true,"href":"https:\/\/www.pcnen.com\/portal\/wp-json\/wp\/v2\/media\/346862"}],"wp:attachment":[{"href":"https:\/\/www.pcnen.com\/portal\/wp-json\/wp\/v2\/media?parent=405211"}],"wp:term":[{"taxonomy":"category","embeddable":true,"href":"https:\/\/www.pcnen.com\/portal\/wp-json\/wp\/v2\/categories?post=405211"},{"taxonomy":"post_tag","embeddable":true,"href":"https:\/\/www.pcnen.com\/portal\/wp-json\/wp\/v2\/tags?post=405211"}],"curies":[{"name":"wp","href":"https:\/\/api.w.org\/{rel}","templated":true}]}}