{"id":405199,"date":"2024-06-21T18:44:41","date_gmt":"2024-06-21T16:44:41","guid":{"rendered":"https:\/\/www.pcnen.com\/portal\/?p=405199"},"modified":"2024-06-21T18:44:41","modified_gmt":"2024-06-21T16:44:41","slug":"ruski-sud-zlocini-nad-sovjetskim-narodom-tokom-drugog-svjetskog-rata-bili-genocid","status":"publish","type":"post","link":"https:\/\/www.pcnen.com\/portal\/2024\/06\/21\/ruski-sud-zlocini-nad-sovjetskim-narodom-tokom-drugog-svjetskog-rata-bili-genocid\/","title":{"rendered":"Ruski sud: Zlo\u010dini nad sovjetskim narodom tokom Drugog svjetskog rata bili genocid"},"content":{"rendered":"<p>Sud u ruskom gradu Tveru je danas presudio da su zlo\u010dini nacista tokom Drugog svjetskog rata po\u010dinjeni nad sovjetskim stanovni\u0161tvom Tverske oblasti bili genocid, javljaju ruski mediji.<\/p>\n<p>Kako se navodi u zvani\u010dnoj izjavi sudije, zlo\u010dini su bili u\u010dinjeni protiv vi\u0161e od 64.651 osobe \u2013 civila i ratnih zarobljenika. Svi oni bili su ili ubijeni ili su umrli od gladi, mu\u010denja, ili razli\u010ditih zaraza.<\/p>\n<p>Tako\u0111e, sud podsje\u0107a na to da su mu\u010dena i djeca, kao i da se radilo na uni\u0161tenju ne samo iskonskog stanovni\u0161tva koje je \u017eivelo na toj teritoriji, ve\u0107 i na uni\u0161tenju njegovih materijalnih i kulturnih vrijednosti.<\/p>\n<p>Sve ustanovljene \u010dinjenice svjedo\u010de da se radi o genocidnoj politici Tre\u0107eg rajha, te je sud donio presudu da se radi o &#8220;ratnim zlo\u010dinima i zlo\u010dinima protiv \u010dovje\u010dnosti&#8221;.<br \/>\nDr\u017eavno tu\u017eila\u0161tvo je sudu predalo zahtjev da se zlo\u010dini nacista u dana\u0161njoj Tverskoj oblasti Rusije proglase za genocid i ratne zlo\u010dine i zlo\u010dine protiv \u010dovje\u010dnosti 22. aprila ove godine. Prvo zasijedanje suda na ovu temu odr\u017eano je 27. maja.<\/p>\n<p>Njema\u010dka je, u me\u0111uvremenu, odbila da prizna svoje zlo\u010dine za genocid, na \u0161ta je predsjednik Rusije Vladimir Putin poru\u010dio da ovi zlo\u010dini nemaju rok trajanja, te da \u0107e Rusija nastaviti da ih istra\u017euje i dokumentuje.<\/p>\n","protected":false},"excerpt":{"rendered":"<p>Sud u ruskom gradu Tveru je danas presudio da su zlo\u010dini nacista tokom Drugog svjetskog rata po\u010dinjeni nad sovjetskim stanovni\u0161tvom Tverske oblasti bili genocid, javljaju ruski mediji<\/p>\n","protected":false},"author":1,"featured_media":284302,"comment_status":"open","ping_status":"closed","sticky":false,"template":"","format":"standard","meta":{"_seopress_robots_primary_cat":"none","_seopress_titles_title":"","_seopress_titles_desc":"","_seopress_robots_index":"","_et_pb_use_builder":"","_et_pb_old_content":"","_et_gb_content_width":"","inline_featured_image":false,"footnotes":""},"categories":[14],"tags":[],"class_list":["post-405199","post","type-post","status-publish","format-standard","has-post-thumbnail","hentry","category-vijesti"],"_links":{"self":[{"href":"https:\/\/www.pcnen.com\/portal\/wp-json\/wp\/v2\/posts\/405199","targetHints":{"allow":["GET"]}}],"collection":[{"href":"https:\/\/www.pcnen.com\/portal\/wp-json\/wp\/v2\/posts"}],"about":[{"href":"https:\/\/www.pcnen.com\/portal\/wp-json\/wp\/v2\/types\/post"}],"author":[{"embeddable":true,"href":"https:\/\/www.pcnen.com\/portal\/wp-json\/wp\/v2\/users\/1"}],"replies":[{"embeddable":true,"href":"https:\/\/www.pcnen.com\/portal\/wp-json\/wp\/v2\/comments?post=405199"}],"version-history":[{"count":1,"href":"https:\/\/www.pcnen.com\/portal\/wp-json\/wp\/v2\/posts\/405199\/revisions"}],"predecessor-version":[{"id":405202,"href":"https:\/\/www.pcnen.com\/portal\/wp-json\/wp\/v2\/posts\/405199\/revisions\/405202"}],"wp:featuredmedia":[{"embeddable":true,"href":"https:\/\/www.pcnen.com\/portal\/wp-json\/wp\/v2\/media\/284302"}],"wp:attachment":[{"href":"https:\/\/www.pcnen.com\/portal\/wp-json\/wp\/v2\/media?parent=405199"}],"wp:term":[{"taxonomy":"category","embeddable":true,"href":"https:\/\/www.pcnen.com\/portal\/wp-json\/wp\/v2\/categories?post=405199"},{"taxonomy":"post_tag","embeddable":true,"href":"https:\/\/www.pcnen.com\/portal\/wp-json\/wp\/v2\/tags?post=405199"}],"curies":[{"name":"wp","href":"https:\/\/api.w.org\/{rel}","templated":true}]}}