{"id":405195,"date":"2024-06-21T18:22:57","date_gmt":"2024-06-21T16:22:57","guid":{"rendered":"https:\/\/www.pcnen.com\/portal\/?p=405195"},"modified":"2024-06-21T18:22:57","modified_gmt":"2024-06-21T16:22:57","slug":"kabinet-premijera-o-izmjenama-zakona-o-drzavljanstvu-tek-nakon-sto-se-obezbijede-svi-zastitni-zakonski-mehanizmi","status":"publish","type":"post","link":"https:\/\/www.pcnen.com\/portal\/2024\/06\/21\/kabinet-premijera-o-izmjenama-zakona-o-drzavljanstvu-tek-nakon-sto-se-obezbijede-svi-zastitni-zakonski-mehanizmi\/","title":{"rendered":"Kabinet premijera: O izmjenama Zakona o dr\u017eavljanstvu tek nakon \u0161to se obezbijede svi za\u0161titni zakonski mehanizmi\u00a0\u00a0\u00a0\u00a0\u00a0\u00a0\u00a0"},"content":{"rendered":"<p>Kabinet crnogorskog premijera Milojka Spaji\u0107a se oglasio saop\u0161tenjem &#8220;u cilju preciziranja i spre\u010davanja potencijalnog \u0161irenja dezinformacija u vezi sa izjavom predsjednika Vlade koja se odnosi na izmjene Zakona o crnogorskom dr\u017eavljanstvu, a koje bi podrazumijevale sticanje bira\u010dkog prava 10 godina nakon prijema lica u crnogorsko dr\u017eavljanstvo uz odre\u0111ene uslove&#8221;.<\/p>\n<p>&#8220;Obavje\u0161tavamo da \u0107e se sa promjenom Zakona i\u0107i tek nakon \u0161to se obezbijede svi za\u0161titni zakonski mehanizmi&#8221;, navodi se u saop\u0161tenju. &#8220;Preduslov za ovakva rje\u0161enja su ustavne promjene te, shodno tome, sama procedura mora do detalja biti usagla\u0161ena sa pravnim sistemom. Pritom posebno vode\u0107i ra\u010duna o spre\u010davanju potencijalnih zloupotreba ovog mehanizma i za\u0161tite interesa dr\u017eave Crne Gore&#8221;.<\/p>\n<p>Dalje se navodi da je premijer Spaji\u0107 &#8220;i danas istakao da se Crna Gora ne smije odricati svoje djece, da mora voditi ra\u010duna o svojoj dijaspori bez obzira gdje se ona nalazila te da se u tom smislu mora ugledati na dr\u017eave koje su na najbolji na\u010din rije\u0161ile ovo pitanje&#8221;.<\/p>\n<p>&#8220;I ba\u0161 kako je premijer poru\u010dio tokom konferencije za medije: &#8216;Na\u0161i ljudi u Turskoj, Srbiji, Luksemburgu, Argentini, Americi, gdje god da su, moraju imati isti tretman. Ti ljudi bi imali paso\u0161 Crne Gore i bili bi ponosni na svoju zemlju. Ti ljudi i ne tra\u017ee pravo glasa ve\u0107 minimum po\u0161tovanja za njihov patriotizam'\u201c, pojasnili su iz premijerovog kabineta.<\/p>\n","protected":false},"excerpt":{"rendered":"<p>Kabinet crnogorskog premijera Milojka Spaji\u0107a se oglasio saop\u0161tenjem &#8220;u cilju preciziranja i spre\u010davanja potencijalnog \u0161irenja dezinformacija u vezi sa izjavom predsjednika Vlade koja se odnosi na izmjene Zakona o crnogorskom dr\u017eavljanstvu, a koje bi podrazumijevale sticanje bira\u010dkog prava 10 godina nakon prijema lica u crnogorsko dr\u017eavljanstvo uz odre\u0111ene uslove&#8221;<\/p>\n","protected":false},"author":1,"featured_media":383674,"comment_status":"open","ping_status":"closed","sticky":false,"template":"","format":"standard","meta":{"_seopress_robots_primary_cat":"none","_seopress_titles_title":"","_seopress_titles_desc":"","_seopress_robots_index":"","_et_pb_use_builder":"","_et_pb_old_content":"","_et_gb_content_width":"","inline_featured_image":false,"footnotes":""},"categories":[14],"tags":[],"class_list":["post-405195","post","type-post","status-publish","format-standard","has-post-thumbnail","hentry","category-vijesti"],"_links":{"self":[{"href":"https:\/\/www.pcnen.com\/portal\/wp-json\/wp\/v2\/posts\/405195","targetHints":{"allow":["GET"]}}],"collection":[{"href":"https:\/\/www.pcnen.com\/portal\/wp-json\/wp\/v2\/posts"}],"about":[{"href":"https:\/\/www.pcnen.com\/portal\/wp-json\/wp\/v2\/types\/post"}],"author":[{"embeddable":true,"href":"https:\/\/www.pcnen.com\/portal\/wp-json\/wp\/v2\/users\/1"}],"replies":[{"embeddable":true,"href":"https:\/\/www.pcnen.com\/portal\/wp-json\/wp\/v2\/comments?post=405195"}],"version-history":[{"count":1,"href":"https:\/\/www.pcnen.com\/portal\/wp-json\/wp\/v2\/posts\/405195\/revisions"}],"predecessor-version":[{"id":405198,"href":"https:\/\/www.pcnen.com\/portal\/wp-json\/wp\/v2\/posts\/405195\/revisions\/405198"}],"wp:featuredmedia":[{"embeddable":true,"href":"https:\/\/www.pcnen.com\/portal\/wp-json\/wp\/v2\/media\/383674"}],"wp:attachment":[{"href":"https:\/\/www.pcnen.com\/portal\/wp-json\/wp\/v2\/media?parent=405195"}],"wp:term":[{"taxonomy":"category","embeddable":true,"href":"https:\/\/www.pcnen.com\/portal\/wp-json\/wp\/v2\/categories?post=405195"},{"taxonomy":"post_tag","embeddable":true,"href":"https:\/\/www.pcnen.com\/portal\/wp-json\/wp\/v2\/tags?post=405195"}],"curies":[{"name":"wp","href":"https:\/\/api.w.org\/{rel}","templated":true}]}}