{"id":405188,"date":"2024-06-21T16:59:24","date_gmt":"2024-06-21T14:59:24","guid":{"rendered":"https:\/\/www.pcnen.com\/portal\/?p=405188"},"modified":"2024-06-21T17:02:04","modified_gmt":"2024-06-21T15:02:04","slug":"u-ulcinju-se-otvara-prva-hidzab-plaza-video","status":"publish","type":"post","link":"https:\/\/www.pcnen.com\/portal\/2024\/06\/21\/u-ulcinju-se-otvara-prva-hidzab-plaza-video\/","title":{"rendered":"U Ulcinju se otvara prva \u201chid\u017eab pla\u017ea\u201d (video)"},"content":{"rendered":"<p>U Ulcinju se otvara prva pla\u017ea za sve \u017eene muslimanske vjeroispovesti koje nose hid\u017eab.<\/p>\n<p>Ova pla\u017ea bi\u0107e zatvorenog tipa i ima\u0107e oko 10-20 le\u017ealjki.<\/p>\n<p>Svima drugima bi\u0107e zabranjen pristup.<\/p>\n<p>Poznato je da su u Ulcinju muslimani ve\u0107inska populacija stanovni\u0161tva.<\/p>\n<p>Prema podacima popisa iz 2011. godine, oko 73 odsto od ukupne populacije, izjasnili su se kao muslimani.<\/p>\n<p>&nbsp;<\/p>\n<blockquote class=\"tiktok-embed\" style=\"max-width: 605px; min-width: 325px;\" cite=\"https:\/\/www.tiktok.com\/@pearl.beach.1.ulc\/video\/7378891644097088801\" data-video-id=\"7378891644097088801\">\n<section><a title=\"@pearl.beach.1.ulc\" href=\"https:\/\/www.tiktok.com\/@pearl.beach.1.ulc?refer=embed\" target=\"_blank\" rel=\"noopener\">@pearl.beach.1.ulc<\/a>Welcome to pearl beach 1! Tomorrow we open our section for women only. Enjoy \ud83d\ude4f\ud83c\udffc\ud83d\ude0d\u2600\ufe0f<a title=\"\u266c Get Ready - SUPER-Hi &amp; NEEKA\" href=\"https:\/\/www.tiktok.com\/music\/Get-Ready-7314039987904202753?refer=embed\" target=\"_blank\" rel=\"noopener\">\u266c Get Ready &#8211; SUPER-Hi &amp; NEEKA<\/a><\/p>\n<\/section>\n<\/blockquote>\n<p><script async src=\"https:\/\/www.tiktok.com\/embed.js\"><\/script><\/p>\n<blockquote class=\"wp-embedded-content\" data-secret=\"HZQ1PTcnpO\"><p><a href=\"https:\/\/www.pcnen.com\/portal\/2023\/08\/07\/muslimanka-otjerana-sa-plaze-utjeha-jer-je-bila-pokrivena-video\/\">Muslimanka otjerana sa pla\u017ee Utjeha jer je bila pokrivena (video)<\/a><\/p><\/blockquote>\n<p><iframe loading=\"lazy\" class=\"wp-embedded-content\" sandbox=\"allow-scripts\" security=\"restricted\" style=\"position: absolute; clip: rect(1px, 1px, 1px, 1px);\" title=\"&#8220;Muslimanka otjerana sa pla\u017ee Utjeha jer je bila pokrivena (video)&#8221; &#8212; PCNEN\" src=\"https:\/\/www.pcnen.com\/portal\/2023\/08\/07\/muslimanka-otjerana-sa-plaze-utjeha-jer-je-bila-pokrivena-video\/embed\/#?secret=8ZHodJsJdc#?secret=HZQ1PTcnpO\" data-secret=\"HZQ1PTcnpO\" width=\"600\" height=\"338\" frameborder=\"0\" marginwidth=\"0\" marginheight=\"0\" scrolling=\"no\"><\/iframe><\/p>\n","protected":false},"excerpt":{"rendered":"<p>U Ulcinju se otvara prva pla\u017ea za sve \u017eene muslimanske vjeroispovesti koje nose hid\u017eab.<\/p>\n","protected":false},"author":1,"featured_media":405192,"comment_status":"open","ping_status":"closed","sticky":false,"template":"","format":"standard","meta":{"_seopress_robots_primary_cat":"none","_seopress_titles_title":"","_seopress_titles_desc":"","_seopress_robots_index":"","_et_pb_use_builder":"","_et_pb_old_content":"","_et_gb_content_width":"","inline_featured_image":false,"footnotes":""},"categories":[14],"tags":[],"class_list":["post-405188","post","type-post","status-publish","format-standard","has-post-thumbnail","hentry","category-vijesti"],"_links":{"self":[{"href":"https:\/\/www.pcnen.com\/portal\/wp-json\/wp\/v2\/posts\/405188","targetHints":{"allow":["GET"]}}],"collection":[{"href":"https:\/\/www.pcnen.com\/portal\/wp-json\/wp\/v2\/posts"}],"about":[{"href":"https:\/\/www.pcnen.com\/portal\/wp-json\/wp\/v2\/types\/post"}],"author":[{"embeddable":true,"href":"https:\/\/www.pcnen.com\/portal\/wp-json\/wp\/v2\/users\/1"}],"replies":[{"embeddable":true,"href":"https:\/\/www.pcnen.com\/portal\/wp-json\/wp\/v2\/comments?post=405188"}],"version-history":[{"count":3,"href":"https:\/\/www.pcnen.com\/portal\/wp-json\/wp\/v2\/posts\/405188\/revisions"}],"predecessor-version":[{"id":405194,"href":"https:\/\/www.pcnen.com\/portal\/wp-json\/wp\/v2\/posts\/405188\/revisions\/405194"}],"wp:featuredmedia":[{"embeddable":true,"href":"https:\/\/www.pcnen.com\/portal\/wp-json\/wp\/v2\/media\/405192"}],"wp:attachment":[{"href":"https:\/\/www.pcnen.com\/portal\/wp-json\/wp\/v2\/media?parent=405188"}],"wp:term":[{"taxonomy":"category","embeddable":true,"href":"https:\/\/www.pcnen.com\/portal\/wp-json\/wp\/v2\/categories?post=405188"},{"taxonomy":"post_tag","embeddable":true,"href":"https:\/\/www.pcnen.com\/portal\/wp-json\/wp\/v2\/tags?post=405188"}],"curies":[{"name":"wp","href":"https:\/\/api.w.org\/{rel}","templated":true}]}}