{"id":405127,"date":"2024-06-20T18:59:19","date_gmt":"2024-06-20T16:59:19","guid":{"rendered":"https:\/\/www.pcnen.com\/portal\/?p=405127"},"modified":"2024-06-20T18:59:19","modified_gmt":"2024-06-20T16:59:19","slug":"grlic-hrvatsko-sramno-prekrajanje-narativa-o-jasenovcu-ide-naruku-vucicu","status":"publish","type":"post","link":"https:\/\/www.pcnen.com\/portal\/2024\/06\/20\/grlic-hrvatsko-sramno-prekrajanje-narativa-o-jasenovcu-ide-naruku-vucicu\/","title":{"rendered":"Grli\u0107: Hrvatsko sramno prekrajanje narativa o Jasenovcu ide naruku Vu\u010di\u0107u"},"content":{"rendered":"<p>Poznati jugoslovenski i hrvatski filmski re\u017eiser Rajko Grli\u0107 je kazao, u <a href=\"https:\/\/radar.nova.rs\/drustvo\/rajko-grlic-o-hrvatskoj-srbiji-medusobnoj-osudenosti-krlezi\/\" target=\"_blank\" rel=\"noopener\">intervjuu<\/a> za beogradski Radar, da &#8220;sramotno prekrajanje osnovnog narativa Jasenovca koje je napravilo Ministarstvo kulture govori o tu\u017enom stanju duha u Hrvatskoj u ovom trenutku&#8221;. &#8220;S druge strane to, a oni su toga i vi\u0161e nego svjesni, ide naruku va\u0161im vlastima da krenu u svoje raspirivanje mr\u017enje i tako nastave hraniti jedni druge falsificiranjem pro\u0161losti na obje strane&#8221;, kazao je on.<\/p>\n<p>&#8220;Mislim da polo\u017eaj Srba u Hrvatskoj zadnjih tridesetak godina nije bio slavan. Ali ne samo njih. Nije bio dobar ni za razli\u010dite religijskim ili seksualnim, ro\u0111enjem ili opredjeljenjem pripadnike hrvatskog dru\u0161tva. A sada, dolaskom ekstremne desnice na vlast, koja svu svoju snagu crpi prije svega iz mr\u017enje, postaje jo\u0161 puno kompliciraniji, da ne ka\u017eem puno gori&#8221;, rekao je Grli\u0107.<\/p>\n<p>&nbsp;<\/p>\n","protected":false},"excerpt":{"rendered":"<p>Poznati jugoslovenski i hrvatski filmski re\u017eiser Rajko Grli\u0107 je kazao, u intervjuu za beogradski Radar, da &#8220;sramotno prekrajanje osnovnog narativa Jasenovca koje je napravilo Ministarstvo kulture govori o tu\u017enom stanju duha u Hrvatskoj u ovom trenutku&#8221;<\/p>\n","protected":false},"author":1,"featured_media":405130,"comment_status":"open","ping_status":"closed","sticky":false,"template":"","format":"standard","meta":{"_seopress_robots_primary_cat":"none","_seopress_titles_title":"","_seopress_titles_desc":"","_seopress_robots_index":"","_et_pb_use_builder":"","_et_pb_old_content":"","_et_gb_content_width":"","inline_featured_image":false,"footnotes":""},"categories":[14],"tags":[],"class_list":["post-405127","post","type-post","status-publish","format-standard","has-post-thumbnail","hentry","category-vijesti"],"_links":{"self":[{"href":"https:\/\/www.pcnen.com\/portal\/wp-json\/wp\/v2\/posts\/405127","targetHints":{"allow":["GET"]}}],"collection":[{"href":"https:\/\/www.pcnen.com\/portal\/wp-json\/wp\/v2\/posts"}],"about":[{"href":"https:\/\/www.pcnen.com\/portal\/wp-json\/wp\/v2\/types\/post"}],"author":[{"embeddable":true,"href":"https:\/\/www.pcnen.com\/portal\/wp-json\/wp\/v2\/users\/1"}],"replies":[{"embeddable":true,"href":"https:\/\/www.pcnen.com\/portal\/wp-json\/wp\/v2\/comments?post=405127"}],"version-history":[{"count":1,"href":"https:\/\/www.pcnen.com\/portal\/wp-json\/wp\/v2\/posts\/405127\/revisions"}],"predecessor-version":[{"id":405131,"href":"https:\/\/www.pcnen.com\/portal\/wp-json\/wp\/v2\/posts\/405127\/revisions\/405131"}],"wp:featuredmedia":[{"embeddable":true,"href":"https:\/\/www.pcnen.com\/portal\/wp-json\/wp\/v2\/media\/405130"}],"wp:attachment":[{"href":"https:\/\/www.pcnen.com\/portal\/wp-json\/wp\/v2\/media?parent=405127"}],"wp:term":[{"taxonomy":"category","embeddable":true,"href":"https:\/\/www.pcnen.com\/portal\/wp-json\/wp\/v2\/categories?post=405127"},{"taxonomy":"post_tag","embeddable":true,"href":"https:\/\/www.pcnen.com\/portal\/wp-json\/wp\/v2\/tags?post=405127"}],"curies":[{"name":"wp","href":"https:\/\/api.w.org\/{rel}","templated":true}]}}