{"id":405101,"date":"2024-06-20T17:50:55","date_gmt":"2024-06-20T15:50:55","guid":{"rendered":"https:\/\/www.pcnen.com\/portal\/?p=405101"},"modified":"2024-06-20T17:50:55","modified_gmt":"2024-06-20T15:50:55","slug":"grupa-strucnjaka-pozvala-na-odbranu-od-rusenja-beogradskog-sajma-i-generalstaba","status":"publish","type":"post","link":"https:\/\/www.pcnen.com\/portal\/2024\/06\/20\/grupa-strucnjaka-pozvala-na-odbranu-od-rusenja-beogradskog-sajma-i-generalstaba\/","title":{"rendered":"Grupa stru\u010dnjaka pozvala na odbranu od ru\u0161enja Beogradskog sajma i General\u0161taba"},"content":{"rendered":"<p>Radna grupa stru\u010dnjaka je danas pozvala gra\u0111ane, javne i politi\u010dke subjekte, a posebno poslanike, da se &#8220;jasno odrede prema aktivnostima kojima se ugro\u017eava status i o\u010duvanje&#8221; kompleksa Beogradskog sajma i General\u0161taba i da &#8220;daju aktivan doprinos njihovoj za\u0161titi i revitalizaciji&#8221;, a sve medije u Srbiji je pozvala da objektivno i profesionalno izve\u0161tavaju javnost o tome, <a href=\"https:\/\/beta.rs\/content\/207293-grupa-strucnjaka-pozvala-na-odbranu-beogradskog-sajma-i-generalstaba-od-rusenja\" target=\"_blank\" rel=\"noopener\">prenosi<\/a> Beta.<\/p>\n<p>Na konferenciji za novinare u Domu in\u017eenjera stru\u010dnjaci su podsjetili na to da su prije mjesec danas objavili Deklaraciju o sudbini Beogradskog Sajma i General\u0161taba, koju je podr\u017ealo vi\u0161e od 38 stru\u010dnih institucija i organizacija, me\u0111u kojima su udru\u017eenja arhitekata iz Slovenije i Crne Gore, dok je peticiju potpisalo 6.292 pojedinaca.<\/p>\n<p>Oni su rekli da je o Deklaraciji obave\u0161ten i Upravni odbor Evropa Nostre, pan-evropske federacije za o\u010duvanje kulturnog nasle\u0111a koji \u0107e uskoro zasijedati povodom ove teme i dati svoje mi\u0161ljenje.<\/p>\n<p>Stru\u010dnjaci su naveli da se, pored za\u0161tite i o\u010duvanja kompleksa Sajma i General\u0161taba, zala\u017eu i za otvoreni dijalog o revitalizaciji tih objekata i budu\u0107eg razvoja Beograda, uz preispitivanje svih kupoprodajnih ugovora koji nisu uskla\u0111eni sa zakonom o kulturnim dobrima Srbije.<\/p>\n","protected":false},"excerpt":{"rendered":"<p>Radna grupa stru\u010dnjaka je danas pozvala gra\u0111ane, javne i politi\u010dke subjekte, a posebno poslanike, da se &#8220;jasno odrede prema aktivnostima kojima se ugro\u017eava status i o\u010duvanje&#8221; kompleksa Beogradskog sajma i General\u0161taba i da &#8220;daju aktivan doprinos njihovoj za\u0161titi i revitalizaciji&#8221;, a sve medije u Srbiji je pozvala da objektivno i profesionalno izve\u0161tavaju javnost o tome<\/p>\n","protected":false},"author":1,"featured_media":405104,"comment_status":"open","ping_status":"closed","sticky":false,"template":"","format":"standard","meta":{"_seopress_robots_primary_cat":"none","_seopress_titles_title":"","_seopress_titles_desc":"","_seopress_robots_index":"","_et_pb_use_builder":"","_et_pb_old_content":"","_et_gb_content_width":"","inline_featured_image":false,"footnotes":""},"categories":[14],"tags":[],"class_list":["post-405101","post","type-post","status-publish","format-standard","has-post-thumbnail","hentry","category-vijesti"],"_links":{"self":[{"href":"https:\/\/www.pcnen.com\/portal\/wp-json\/wp\/v2\/posts\/405101","targetHints":{"allow":["GET"]}}],"collection":[{"href":"https:\/\/www.pcnen.com\/portal\/wp-json\/wp\/v2\/posts"}],"about":[{"href":"https:\/\/www.pcnen.com\/portal\/wp-json\/wp\/v2\/types\/post"}],"author":[{"embeddable":true,"href":"https:\/\/www.pcnen.com\/portal\/wp-json\/wp\/v2\/users\/1"}],"replies":[{"embeddable":true,"href":"https:\/\/www.pcnen.com\/portal\/wp-json\/wp\/v2\/comments?post=405101"}],"version-history":[{"count":1,"href":"https:\/\/www.pcnen.com\/portal\/wp-json\/wp\/v2\/posts\/405101\/revisions"}],"predecessor-version":[{"id":405105,"href":"https:\/\/www.pcnen.com\/portal\/wp-json\/wp\/v2\/posts\/405101\/revisions\/405105"}],"wp:featuredmedia":[{"embeddable":true,"href":"https:\/\/www.pcnen.com\/portal\/wp-json\/wp\/v2\/media\/405104"}],"wp:attachment":[{"href":"https:\/\/www.pcnen.com\/portal\/wp-json\/wp\/v2\/media?parent=405101"}],"wp:term":[{"taxonomy":"category","embeddable":true,"href":"https:\/\/www.pcnen.com\/portal\/wp-json\/wp\/v2\/categories?post=405101"},{"taxonomy":"post_tag","embeddable":true,"href":"https:\/\/www.pcnen.com\/portal\/wp-json\/wp\/v2\/tags?post=405101"}],"curies":[{"name":"wp","href":"https:\/\/api.w.org\/{rel}","templated":true}]}}