{"id":405097,"date":"2024-06-20T16:23:21","date_gmt":"2024-06-20T14:23:21","guid":{"rendered":"https:\/\/www.pcnen.com\/portal\/?p=405097"},"modified":"2024-06-20T16:23:21","modified_gmt":"2024-06-20T14:23:21","slug":"djeljosaj-zbog-marka-kovacevica-otkazao-sjednicu-partnerskog-savjeta","status":"publish","type":"post","link":"https:\/\/www.pcnen.com\/portal\/2024\/06\/20\/djeljosaj-zbog-marka-kovacevica-otkazao-sjednicu-partnerskog-savjeta\/","title":{"rendered":"\u0110eljo\u0161aj zbog Marka Kova\u010devi\u0107a otkazao sjednicu Partnerskog savjeta"},"content":{"rendered":"<p>Potpredsjednik Vlade za ekonomsku politiku i ministar ekonomskog razvoja, Nik \u0110eljo\u0161aj, kao predsjedavaju\u0107i Partnerskog savjeta za regionalni razvoj, donio je odluku o otkazivanju konstitutivne sjednice Savjeta koja je zakazana za sjutra, 21. jun.<\/p>\n<p>Kako navode u saop\u0161tenju, stav velikog broja \u010dlanova Savjeta kao i potpredsjednika \u0110jeljo\u0161aja je da u ovom va\u017enom dr\u017eavnom tijelu, nakon posljednih izjava u javnosti, predsjednik Op\u0161tine \u00a0Nik\u0161i\u0107 Marko Kova\u010devi\u0107 ne mo\u017ee biti \u010dlan ovog va\u017enog tijela.<\/p>\n<p>\u201ePartnerski savjet ima zna\u010dajnu ulogu u regionalnom razvoju dr\u017eave i njegovo funkcionisanje u punom kapacitetu je od izuzetne va\u017enosti, ali ne po cijenu civilizacijskog posrtanja i uni\u017eavanja \u010dlanova ovog tijela\u201d, saop\u0161tio je potpredsjednik Vlade.<\/p>\n<p>Novi termin odr\u017eavanja konstitutivne sjednice Partnerskog savjeta bi\u0107e naknadno utvr\u0111en kada se stvore uslovi za odr\u017eavanje sjednice u partnerskom odnosu me\u0111usobnog uva\u017eavanja, \u0161to su postulati na kojima ovo tijelo temelji svoje razvojne politike.<\/p>\n<p>Partnerski savjet za regionalni razvoj je Vladino tijelo \u010diji je zadatak pra\u0107enje i unapre\u0111enje politike regionalnog razvoja \u00a0Crne Gore.<\/p>\n<p>\u0110eljo\u0161aj je krajem prethodne godine inicirao ponovno uspostavljanje ovog Savjeta.<\/p>\n<p>Konstitutivna sjednica zakazana je za 21. jun i resor ekonomije, koji koordinira radom Savjeta, prethodno je uputio zvani\u010dne pozive svim \u010dlanovima.<\/p>\n<blockquote class=\"wp-embedded-content\" data-secret=\"swUXeQY7KE\"><p><a href=\"https:\/\/www.pcnen.com\/portal\/2024\/06\/16\/kovacevic-sa-onima-koji-nece-kao-braca-postupacemo-kao-prema-turcima-video\/\">Kova\u010devi\u0107: Sa onima koji ne\u0107e kao bra\u0107a, postupa\u0107emo kao prema Turcima (video)<\/a><\/p><\/blockquote>\n<p><iframe loading=\"lazy\" class=\"wp-embedded-content\" sandbox=\"allow-scripts\" security=\"restricted\" style=\"position: absolute; clip: rect(1px, 1px, 1px, 1px);\" title=\"&#8220;Kova\u010devi\u0107: Sa onima koji ne\u0107e kao bra\u0107a, postupa\u0107emo kao prema Turcima (video)&#8221; &#8212; PCNEN\" src=\"https:\/\/www.pcnen.com\/portal\/2024\/06\/16\/kovacevic-sa-onima-koji-nece-kao-braca-postupacemo-kao-prema-turcima-video\/embed\/#?secret=BPYob6MiZj#?secret=swUXeQY7KE\" data-secret=\"swUXeQY7KE\" width=\"600\" height=\"338\" frameborder=\"0\" marginwidth=\"0\" marginheight=\"0\" scrolling=\"no\"><\/iframe><\/p>\n","protected":false},"excerpt":{"rendered":"<p>Potpredsjednik Vlade za ekonomsku politiku i ministar ekonomskog razvoja, Nik \u0110eljo\u0161aj, kao predsjedavaju\u0107i Partnerskog savjeta za regionalni razvoj, donio je odluku o otkazivanju konstitutivne sjednice Savjeta koja je zakazana za sjutra, 21. jun.<\/p>\n","protected":false},"author":1,"featured_media":0,"comment_status":"open","ping_status":"closed","sticky":false,"template":"","format":"standard","meta":{"_seopress_robots_primary_cat":"none","_seopress_titles_title":"","_seopress_titles_desc":"","_seopress_robots_index":"","_et_pb_use_builder":"","_et_pb_old_content":"","_et_gb_content_width":"","inline_featured_image":false,"footnotes":""},"categories":[14],"tags":[],"class_list":["post-405097","post","type-post","status-publish","format-standard","hentry","category-vijesti"],"_links":{"self":[{"href":"https:\/\/www.pcnen.com\/portal\/wp-json\/wp\/v2\/posts\/405097","targetHints":{"allow":["GET"]}}],"collection":[{"href":"https:\/\/www.pcnen.com\/portal\/wp-json\/wp\/v2\/posts"}],"about":[{"href":"https:\/\/www.pcnen.com\/portal\/wp-json\/wp\/v2\/types\/post"}],"author":[{"embeddable":true,"href":"https:\/\/www.pcnen.com\/portal\/wp-json\/wp\/v2\/users\/1"}],"replies":[{"embeddable":true,"href":"https:\/\/www.pcnen.com\/portal\/wp-json\/wp\/v2\/comments?post=405097"}],"version-history":[{"count":1,"href":"https:\/\/www.pcnen.com\/portal\/wp-json\/wp\/v2\/posts\/405097\/revisions"}],"predecessor-version":[{"id":405100,"href":"https:\/\/www.pcnen.com\/portal\/wp-json\/wp\/v2\/posts\/405097\/revisions\/405100"}],"wp:attachment":[{"href":"https:\/\/www.pcnen.com\/portal\/wp-json\/wp\/v2\/media?parent=405097"}],"wp:term":[{"taxonomy":"category","embeddable":true,"href":"https:\/\/www.pcnen.com\/portal\/wp-json\/wp\/v2\/categories?post=405097"},{"taxonomy":"post_tag","embeddable":true,"href":"https:\/\/www.pcnen.com\/portal\/wp-json\/wp\/v2\/tags?post=405097"}],"curies":[{"name":"wp","href":"https:\/\/api.w.org\/{rel}","templated":true}]}}