{"id":405093,"date":"2024-06-20T15:06:23","date_gmt":"2024-06-20T13:06:23","guid":{"rendered":"https:\/\/www.pcnen.com\/portal\/?p=405093"},"modified":"2024-06-20T15:06:23","modified_gmt":"2024-06-20T13:06:23","slug":"pavicevic-zamucenost-atmosfere-je-posljedica-priliva-tople-vazdusne-mase-iz-afrike-i-dijelom-azije","status":"publish","type":"post","link":"https:\/\/www.pcnen.com\/portal\/2024\/06\/20\/pavicevic-zamucenost-atmosfere-je-posljedica-priliva-tople-vazdusne-mase-iz-afrike-i-dijelom-azije\/","title":{"rendered":"Pavi\u0107evi\u0107: Zamu\u0107enost atmosfere je posljedica priliva tople vazdu\u0161ne mase iz Afrike i dijelom Azije"},"content":{"rendered":"<p>Priliv tople vazdu\u0161ne mase, koja traje ve\u0107 du\u017ee vremena iznad na\u0161eg podru\u010dja, danas i sjutra dosti\u017ee kulminaciju, kazao je za portal \u0161ef meteo centra TV Vijesti, Du\u0161an Pavi\u0107evi\u0107, kao i to da \u0107e ovaj talas od nedelje, odnosno, ponedjeljka, malo oslabiti.<\/p>\n<p>&#8220;Bi\u0107e i dalje toplo, ali ne\u0107e se raditi o ovako visokim temperaturama&#8221;, dodao je.<\/p>\n<p>On obja\u0161njava da upravo zbog toga \u0161to vazdu\u0161na masa dolazi sa sudsjednih oblasti odnosno iz Afrike, i Azije dijelom, imamo zamu\u0107enost atmosfere, &#8220;zna\u010di ima i pra\u0161ine u tom vazduhu na visini&#8221;.<\/p>\n<p>&#8220;Ali, ono \u0161to je s meteorolo\u0161kog aspekta sada va\u017eno to je da se radi o visokim temperaturama, koje nisu ba\u0161 \u010deste u junu. De\u0161avalo se da do\u0111u do 40 stepeni, ali ne previ\u0161e \u010desto. U zadnjih 20, 25, 30 godina &#8211; ne\u0161to \u010de\u0161\u0107e nego ranije&#8221;, kazao je Pavi\u0107evi\u0107, <a href=\"https:\/\/www.vijesti.me\/vijesti\/drustvo\/712377\/pavicevic-danas-i-sjutra-kulminacija-priliva-tople-vazdusne-mase-zbog-klimatskih-promjena-su-cesce-takve-pojave\">prenose Vijesti.<\/a><\/p>\n<p>Dodao je da ranije toga nikad nije bilo, a da smo sada svjedoci da se de\u0161ava \u010de\u0161\u0107e ono na \u0161ta nismo navikli.<\/p>\n<p>&#8220;Danas i sjutra u Zetsko-bjelopavli\u0107koj ravnici temperatura oko 40 stepeni Celzijusa, sjutra \u010de\u0161\u0107e preko 40 stepeni&#8221;, rekao je Pavi\u0107evi\u0107.<\/p>\n","protected":false},"excerpt":{"rendered":"<p>Priliv tople vazdu\u0161ne mase, koja traje ve\u0107 du\u017ee vremena iznad na\u0161eg podru\u010dja, danas i sjutra dosti\u017ee kulminaciju, kazao je za portal \u0161ef meteo centra TV Vijesti, Du\u0161an Pavi\u0107evi\u0107, kao i to da \u0107e ovaj talas od nedelje, odnosno, ponedjeljka, malo oslabiti.<\/p>\n","protected":false},"author":1,"featured_media":395395,"comment_status":"open","ping_status":"closed","sticky":false,"template":"","format":"standard","meta":{"_seopress_robots_primary_cat":"none","_seopress_titles_title":"","_seopress_titles_desc":"","_seopress_robots_index":"","_et_pb_use_builder":"","_et_pb_old_content":"","_et_gb_content_width":"","inline_featured_image":false,"footnotes":""},"categories":[14],"tags":[],"class_list":["post-405093","post","type-post","status-publish","format-standard","has-post-thumbnail","hentry","category-vijesti"],"_links":{"self":[{"href":"https:\/\/www.pcnen.com\/portal\/wp-json\/wp\/v2\/posts\/405093","targetHints":{"allow":["GET"]}}],"collection":[{"href":"https:\/\/www.pcnen.com\/portal\/wp-json\/wp\/v2\/posts"}],"about":[{"href":"https:\/\/www.pcnen.com\/portal\/wp-json\/wp\/v2\/types\/post"}],"author":[{"embeddable":true,"href":"https:\/\/www.pcnen.com\/portal\/wp-json\/wp\/v2\/users\/1"}],"replies":[{"embeddable":true,"href":"https:\/\/www.pcnen.com\/portal\/wp-json\/wp\/v2\/comments?post=405093"}],"version-history":[{"count":1,"href":"https:\/\/www.pcnen.com\/portal\/wp-json\/wp\/v2\/posts\/405093\/revisions"}],"predecessor-version":[{"id":405096,"href":"https:\/\/www.pcnen.com\/portal\/wp-json\/wp\/v2\/posts\/405093\/revisions\/405096"}],"wp:featuredmedia":[{"embeddable":true,"href":"https:\/\/www.pcnen.com\/portal\/wp-json\/wp\/v2\/media\/395395"}],"wp:attachment":[{"href":"https:\/\/www.pcnen.com\/portal\/wp-json\/wp\/v2\/media?parent=405093"}],"wp:term":[{"taxonomy":"category","embeddable":true,"href":"https:\/\/www.pcnen.com\/portal\/wp-json\/wp\/v2\/categories?post=405093"},{"taxonomy":"post_tag","embeddable":true,"href":"https:\/\/www.pcnen.com\/portal\/wp-json\/wp\/v2\/tags?post=405093"}],"curies":[{"name":"wp","href":"https:\/\/api.w.org\/{rel}","templated":true}]}}