{"id":405089,"date":"2024-06-20T13:28:19","date_gmt":"2024-06-20T11:28:19","guid":{"rendered":"https:\/\/www.pcnen.com\/portal\/?p=405089"},"modified":"2024-06-20T13:28:19","modified_gmt":"2024-06-20T11:28:19","slug":"sdt-u-cjelosti-ostalo-pri-ranijoj-optuznici-protiv-mandica-knezevica-i-ostalih","status":"publish","type":"post","link":"https:\/\/www.pcnen.com\/portal\/2024\/06\/20\/sdt-u-cjelosti-ostalo-pri-ranijoj-optuznici-protiv-mandica-knezevica-i-ostalih\/","title":{"rendered":"SDT u cjelosti ostalo pri ranijoj optu\u017enici protiv Mandi\u0107a, Kne\u017eevi\u0107a i ostalih"},"content":{"rendered":"<p>Specijalno dr\u017eavno tu\u017eila\u0161tvo je danas iznijelo zavr\u0161nu rije\u010d na ponovljenom su\u0111enju u podgori\u010dkom Vi\u0161em sudu crnogorskim politi\u010darima Andriji Mandi\u0107u i Milanu Kne\u017eevi\u0107u, te ostalim optu\u017eenima u predmetu poznatom kao poku\u0161aj dr\u017eavnog udara u Crnoj Gori.<\/p>\n<p>Kako <a href=\"https:\/\/www.dan.co.me\/vijesti\/hronika\/ponovljeno-sudenje-za-drzavni-udar-zavrsna-rijec-sdt-a-na-100-kucanih-strana-5245268\" target=\"_blank\" rel=\"noopener\">izvje\u0161tava portal Dan<\/a>, pred sudskim vije\u0107em kojim predsjedava sudija i predsjednik suda Zoran Radovi\u0107 specijalni tu\u017eioci Zoran Vu\u010dini\u0107 i Sini\u0161a Mili\u0107 su pro\u010ditali zavr\u0161nu rije\u010d koju je pripremila zastupnica optu\u017ebe koja je u me\u0111uvremenu po\u0161la na bolovanje Jelena Proti\u0107. Njena zavr\u0161na rije\u010d je stala na 100 kucanih strana i tu\u017eila\u0161tvo je na pretresu insistiralo da je detaljno pro\u010dita.<\/p>\n<p>Specijalno tu\u017eila\u0161tvo je u cjelosti ostalo pri ranijoj optu\u017enici, tvrde\u0107i da su optu\u017eeni izvr\u0161ili krivi\u010dno djelo stavljeno im na teret. Tu\u017eila\u0161tvo je zatra\u017eilo da se optu\u017eeni oglase krivim i kazne po zakonu.<\/p>\n<p>Priliku za zavr\u0161ne rije\u010di okrivljeni i odbrana ima\u0107e sjutra.<\/p>\n<p>Apelacioni sud Crne Gore je ukinuo presudu Vi\u0161eg suda kojom je 13 optu\u017eenih za poku\u0161aj terorizma na dan parlamentarnih izbora 2016. godine osu\u0111eno na skoro 70 godina zatvora i predmet vratio na novo su\u0111enje.<\/p>\n<p>Ruski dr\u017eavljani Eduard \u0160i\u0161makov i Vladimir Popov za terorizam u poku\u0161aju bili su osu\u0111eni u odsustvu na 15 i 12 godina zatvora. Lideri Demokratskog fronta (DF) Milan Kne\u017eevi\u0107 i Andrija Mandi\u0107 na po pet godina zatvora, penzionisani generala \u017eandarmerije Srbije Bratislav Diki\u0107 na osam godina zatvora.<\/p>\n<blockquote class=\"wp-embedded-content\" data-secret=\"3CWw65qNHc\"><p><a href=\"https:\/\/www.pcnen.com\/portal\/2021\/02\/05\/apelacioni-sud-ukinuo-presudu-i-predmet-drzavni-udar-vratio-na-ponovno-sudenje\/\">Apelacioni sud ukinuo presudu i predmet \u2018dr\u017eavni udar\u2019 vratio na ponovno su\u0111enje<\/a><\/p><\/blockquote>\n<p><iframe loading=\"lazy\" class=\"wp-embedded-content\" sandbox=\"allow-scripts\" security=\"restricted\" style=\"position: absolute; clip: rect(1px, 1px, 1px, 1px);\" title=\"&#8220;Apelacioni sud ukinuo presudu i predmet \u2018dr\u017eavni udar\u2019 vratio na ponovno su\u0111enje&#8221; &#8212; PCNEN\" src=\"https:\/\/www.pcnen.com\/portal\/2021\/02\/05\/apelacioni-sud-ukinuo-presudu-i-predmet-drzavni-udar-vratio-na-ponovno-sudenje\/embed\/#?secret=x3pzk1zQAu#?secret=3CWw65qNHc\" data-secret=\"3CWw65qNHc\" width=\"600\" height=\"338\" frameborder=\"0\" marginwidth=\"0\" marginheight=\"0\" scrolling=\"no\"><\/iframe><\/p>\n","protected":false},"excerpt":{"rendered":"<p>Specijalno dr\u017eavno tu\u017eila\u0161tvo je danas iznijelo zavr\u0161nu rije\u010d na ponovljenom su\u0111enju u podgori\u010dkom Vi\u0161em sudu crnogorskim politi\u010darima Andriji Mandi\u0107u i Milanu Kne\u017eevi\u0107u, te ostalim optu\u017eenima u predmetu poznatom kao poku\u0161aj dr\u017eavnog udara u Crnoj Gori<\/p>\n","protected":false},"author":1,"featured_media":314966,"comment_status":"open","ping_status":"closed","sticky":false,"template":"","format":"standard","meta":{"_seopress_robots_primary_cat":"none","_seopress_titles_title":"","_seopress_titles_desc":"","_seopress_robots_index":"","_et_pb_use_builder":"","_et_pb_old_content":"","_et_gb_content_width":"","inline_featured_image":false,"footnotes":""},"categories":[14],"tags":[],"class_list":["post-405089","post","type-post","status-publish","format-standard","has-post-thumbnail","hentry","category-vijesti"],"_links":{"self":[{"href":"https:\/\/www.pcnen.com\/portal\/wp-json\/wp\/v2\/posts\/405089","targetHints":{"allow":["GET"]}}],"collection":[{"href":"https:\/\/www.pcnen.com\/portal\/wp-json\/wp\/v2\/posts"}],"about":[{"href":"https:\/\/www.pcnen.com\/portal\/wp-json\/wp\/v2\/types\/post"}],"author":[{"embeddable":true,"href":"https:\/\/www.pcnen.com\/portal\/wp-json\/wp\/v2\/users\/1"}],"replies":[{"embeddable":true,"href":"https:\/\/www.pcnen.com\/portal\/wp-json\/wp\/v2\/comments?post=405089"}],"version-history":[{"count":1,"href":"https:\/\/www.pcnen.com\/portal\/wp-json\/wp\/v2\/posts\/405089\/revisions"}],"predecessor-version":[{"id":405092,"href":"https:\/\/www.pcnen.com\/portal\/wp-json\/wp\/v2\/posts\/405089\/revisions\/405092"}],"wp:featuredmedia":[{"embeddable":true,"href":"https:\/\/www.pcnen.com\/portal\/wp-json\/wp\/v2\/media\/314966"}],"wp:attachment":[{"href":"https:\/\/www.pcnen.com\/portal\/wp-json\/wp\/v2\/media?parent=405089"}],"wp:term":[{"taxonomy":"category","embeddable":true,"href":"https:\/\/www.pcnen.com\/portal\/wp-json\/wp\/v2\/categories?post=405089"},{"taxonomy":"post_tag","embeddable":true,"href":"https:\/\/www.pcnen.com\/portal\/wp-json\/wp\/v2\/tags?post=405089"}],"curies":[{"name":"wp","href":"https:\/\/api.w.org\/{rel}","templated":true}]}}