{"id":405084,"date":"2024-06-20T12:59:56","date_gmt":"2024-06-20T10:59:56","guid":{"rendered":"https:\/\/www.pcnen.com\/portal\/?p=405084"},"modified":"2024-06-20T12:59:56","modified_gmt":"2024-06-20T10:59:56","slug":"sever-slobodno-i-nezavisno-novinarstvo-uslov-odrzivosti-medija","status":"publish","type":"post","link":"https:\/\/www.pcnen.com\/portal\/2024\/06\/20\/sever-slobodno-i-nezavisno-novinarstvo-uslov-odrzivosti-medija\/","title":{"rendered":"Sever: Slobodno i nezavisno novinarstvo uslov odr\u017eivosti medija"},"content":{"rendered":"<p>Maja Sever, predsjednica Evropske federacije novinara (EFJ), je u autorskom tekstu koji objavljuje agencija Beta kazala da je EFJ izdala Manifest pod nazivom \u201c<a href=\"https:\/\/www.socialeurope.eu\/standing-up-for-journalism-as-a-public-good\" target=\"_blank\" rel=\"noopener\">Zauzmite se za novinarstvo kao javno dobro<\/a>\u201d s ciljem podizanja svijesti o kriti\u010dnoj va\u017enosti odbrane vladavine prava, slobode medija i medijskog pluralizma, kao i akcioni program &#8220;kako bi se novinarstvo u\u010dinilo odr\u017eivim, sigurnim i kako bi se regulisala vje\u0161ta\u010dka inteligencija&#8221;.<\/p>\n<p>&#8220;Smatramo da je va\u017eno podsticati odr\u017eivo novinarstvo, ulagati javno i transparentno u kvalitetno novinarstvo te jam\u010diti nezavisnost i odr\u017eivo finansiranje javnih medijskih servisa. Zahtijevamo pravednu naknadu BigTech kompanija za objavljeni novinarski sadr\u017eaj, te pravednu naknadu za autorska prava novinara. Od EU o\u010dekujemo da osigura sredstva za trajnu finansijsku podr\u0161ku nezavisnom novinarstvu kao jednoj od najva\u017enijih pretpostavki za opstanak novinarstva.<\/p>\n<p>Ali klju\u010dna poruka u vremenima kada su pritisci i izazovi s kojima se suo\u010davaju novinari u svakodnevnom radu jest da su upravo njihova sigurnost i za\u0161tita profesionalnih i radni\u010dkih prava, njihovog sigurnog prihoda, po\u010detak i kraj borbe za jako, nezavisno i slobodno novinarstvo&#8221;, <a href=\"https:\/\/beta.rs\/content\/207263-maja-sever-slobodno-i-neovisno-novinarstvo-uslov-odrzivosti-medija\" target=\"_blank\" rel=\"noopener\">pi\u0161e<\/a> Maja Sever.<\/p>\n<p>&nbsp;<\/p>\n","protected":false},"excerpt":{"rendered":"<p>Maja Sever, predsjednica Evropske federacije novinara (EFJ), je u autorskom tekstu koji objavljuje agencija Beta kazala da je EFJ izdala Manifest pod nazivom \u201cZauzmite se za novinarstvo kao javno dobro\u201d s ciljem podizanja svijesti o kriti\u010dnoj va\u017enosti odbrane vladavine prava, slobode medija i medijskog pluralizma, kao i akcioni program &#8220;kako bi se novinarstvo u\u010dinilo odr\u017eivim, [&hellip;]<\/p>\n","protected":false},"author":1,"featured_media":405087,"comment_status":"open","ping_status":"closed","sticky":false,"template":"","format":"standard","meta":{"_seopress_robots_primary_cat":"none","_seopress_titles_title":"","_seopress_titles_desc":"","_seopress_robots_index":"","_et_pb_use_builder":"","_et_pb_old_content":"","_et_gb_content_width":"","inline_featured_image":false,"footnotes":""},"categories":[14],"tags":[],"class_list":["post-405084","post","type-post","status-publish","format-standard","has-post-thumbnail","hentry","category-vijesti"],"_links":{"self":[{"href":"https:\/\/www.pcnen.com\/portal\/wp-json\/wp\/v2\/posts\/405084","targetHints":{"allow":["GET"]}}],"collection":[{"href":"https:\/\/www.pcnen.com\/portal\/wp-json\/wp\/v2\/posts"}],"about":[{"href":"https:\/\/www.pcnen.com\/portal\/wp-json\/wp\/v2\/types\/post"}],"author":[{"embeddable":true,"href":"https:\/\/www.pcnen.com\/portal\/wp-json\/wp\/v2\/users\/1"}],"replies":[{"embeddable":true,"href":"https:\/\/www.pcnen.com\/portal\/wp-json\/wp\/v2\/comments?post=405084"}],"version-history":[{"count":1,"href":"https:\/\/www.pcnen.com\/portal\/wp-json\/wp\/v2\/posts\/405084\/revisions"}],"predecessor-version":[{"id":405088,"href":"https:\/\/www.pcnen.com\/portal\/wp-json\/wp\/v2\/posts\/405084\/revisions\/405088"}],"wp:featuredmedia":[{"embeddable":true,"href":"https:\/\/www.pcnen.com\/portal\/wp-json\/wp\/v2\/media\/405087"}],"wp:attachment":[{"href":"https:\/\/www.pcnen.com\/portal\/wp-json\/wp\/v2\/media?parent=405084"}],"wp:term":[{"taxonomy":"category","embeddable":true,"href":"https:\/\/www.pcnen.com\/portal\/wp-json\/wp\/v2\/categories?post=405084"},{"taxonomy":"post_tag","embeddable":true,"href":"https:\/\/www.pcnen.com\/portal\/wp-json\/wp\/v2\/tags?post=405084"}],"curies":[{"name":"wp","href":"https:\/\/api.w.org\/{rel}","templated":true}]}}