{"id":405067,"date":"2024-06-20T11:04:59","date_gmt":"2024-06-20T09:04:59","guid":{"rendered":"https:\/\/www.pcnen.com\/portal\/?p=405067"},"modified":"2024-06-20T11:04:59","modified_gmt":"2024-06-20T09:04:59","slug":"fss-trazi-kazne-za-fs-hrvatske-i-albanije","status":"publish","type":"post","link":"https:\/\/www.pcnen.com\/portal\/2024\/06\/20\/fss-trazi-kazne-za-fs-hrvatske-i-albanije\/","title":{"rendered":"FSS tra\u017ei kazne za FS Hrvatske i Albanije"},"content":{"rendered":"<p>Fudbalski savez Srbije (FSS) \u0107e od Evropske fudbalske unije (UEFA) tra\u017eiti najstro\u017ee mogu\u0107e kazne za fudbalske saveze Hrvatske i Albanije zbog povika \u201eUbij Srbina\u201d koji su se \u010duli ju\u010de tokom me\u010da grupe B na Evropskom prvenstvu, rekao je sino\u0107 generalni sekretar FSS Jovan \u0160urbatovi\u0107.<\/p>\n<p>\u201eSkandalozno. FSS \u0107e zahtevati od UEFA da preduzme sankcije, po cenu da ne nastavimo Euro. Ovo zahteva najte\u017ee sankcije uz napomenu, da se ne ponovi\u201d, rekao je \u0160urbatovi\u0107 u direktnom uklju\u010denju za RTS.<\/p>\n<p>Skandalozne poruke nisu uzvikivali samo navija\u010di, ve\u0107 i sami fudbaleri. Reprezentativac Albanije Mirlind Daku je poslije me\u010da pri\u0161ao tribini na kojoj su bili smje\u0161teni albanski navija\u010di i poveo pogrdno skandiranje. On je uzeo megafon u ruke, opsovao Srbiju i Makedoniju i poveo gnusno skandiranje, prenosi makedonski portal &#8220;Sport1.mk&#8221;.<\/p>\n<blockquote class=\"twitter-tweet\">\n<p dir=\"ltr\" lang=\"fi\">Ooo qifsa maqedon\u00ebn <a href=\"https:\/\/t.co\/CWwAi5sqAq\">pic.twitter.com\/CWwAi5sqAq<\/a><\/p>\n<p>\u2014 \ud835\udde6\ud835\uddfc\ud835\uddf9\ud835\uddee\ud835\uddff\ud835\uddfb\ud835\uddf6\ud835\uddf8\u00ae \ud83e\udeac (@SolarNik) <a href=\"https:\/\/twitter.com\/SolarNik\/status\/1803504245208973422?ref_src=twsrc%5Etfw\">June 19, 2024<\/a><\/p><\/blockquote>\n<p><script async src=\"https:\/\/platform.twitter.com\/widgets.js\" charset=\"utf-8\"><\/script><\/p>\n","protected":false},"excerpt":{"rendered":"<p>Fudbalski savez Srbije (FSS) \u0107e od Evropske fudbalske unije (UEFA) tra\u017eiti najstro\u017ee mogu\u0107e kazne za fudbalske saveze Hrvatske i Albanije zbog povika \u201eUbij Srbina\u201d koji su se \u010duli ju\u010de tokom me\u010da grupe B na Evropskom prvenstvu, rekao je sino\u0107 generalni sekretar FSS Jovan \u0160urbatovi\u0107. \u201eSkandalozno. FSS \u0107e zahtevati od UEFA da preduzme sankcije, po cenu [&hellip;]<\/p>\n","protected":false},"author":1,"featured_media":405070,"comment_status":"open","ping_status":"closed","sticky":false,"template":"","format":"standard","meta":{"_seopress_robots_primary_cat":"none","_seopress_titles_title":"","_seopress_titles_desc":"","_seopress_robots_index":"","_et_pb_use_builder":"","_et_pb_old_content":"","_et_gb_content_width":"","inline_featured_image":false,"footnotes":""},"categories":[14],"tags":[],"class_list":["post-405067","post","type-post","status-publish","format-standard","has-post-thumbnail","hentry","category-vijesti"],"_links":{"self":[{"href":"https:\/\/www.pcnen.com\/portal\/wp-json\/wp\/v2\/posts\/405067","targetHints":{"allow":["GET"]}}],"collection":[{"href":"https:\/\/www.pcnen.com\/portal\/wp-json\/wp\/v2\/posts"}],"about":[{"href":"https:\/\/www.pcnen.com\/portal\/wp-json\/wp\/v2\/types\/post"}],"author":[{"embeddable":true,"href":"https:\/\/www.pcnen.com\/portal\/wp-json\/wp\/v2\/users\/1"}],"replies":[{"embeddable":true,"href":"https:\/\/www.pcnen.com\/portal\/wp-json\/wp\/v2\/comments?post=405067"}],"version-history":[{"count":1,"href":"https:\/\/www.pcnen.com\/portal\/wp-json\/wp\/v2\/posts\/405067\/revisions"}],"predecessor-version":[{"id":405071,"href":"https:\/\/www.pcnen.com\/portal\/wp-json\/wp\/v2\/posts\/405067\/revisions\/405071"}],"wp:featuredmedia":[{"embeddable":true,"href":"https:\/\/www.pcnen.com\/portal\/wp-json\/wp\/v2\/media\/405070"}],"wp:attachment":[{"href":"https:\/\/www.pcnen.com\/portal\/wp-json\/wp\/v2\/media?parent=405067"}],"wp:term":[{"taxonomy":"category","embeddable":true,"href":"https:\/\/www.pcnen.com\/portal\/wp-json\/wp\/v2\/categories?post=405067"},{"taxonomy":"post_tag","embeddable":true,"href":"https:\/\/www.pcnen.com\/portal\/wp-json\/wp\/v2\/tags?post=405067"}],"curies":[{"name":"wp","href":"https:\/\/api.w.org\/{rel}","templated":true}]}}