{"id":405044,"date":"2024-06-20T08:43:43","date_gmt":"2024-06-20T06:43:43","guid":{"rendered":"https:\/\/www.pcnen.com\/portal\/?p=405044"},"modified":"2024-06-20T08:45:43","modified_gmt":"2024-06-20T06:45:43","slug":"partizanske-pjesme-upisane-u-registar-nematerijalnog-kulturnog-nasledja-slovenije","status":"publish","type":"post","link":"https:\/\/www.pcnen.com\/portal\/2024\/06\/20\/partizanske-pjesme-upisane-u-registar-nematerijalnog-kulturnog-nasledja-slovenije\/","title":{"rendered":"Partizanske pjesme upisane u registar nematerijalnog kulturnog nasle\u0111a Slovenije"},"content":{"rendered":"<p>\u200bPartizanske pjesame nedavno su upisane u registar nematerijalnog kulturnog nasle\u0111a Slovenije, prenijeli su danas slovena\u010dki mediji.<\/p>\n<p>Slovena\u010dke partizanske pjesme pojavile su se tokom Drugog svjetskog rata, a nakon rata nastala je bogata produkcija kompozicija partizanskih pjesama pisanih za horove, prenosi RTV Slovenije.<\/p>\n<p>Inicijativu za upis partizanskih pjesama u registar nematerijalnog kulturnog nasle\u0111a Slovenije dao je Partizanski hor koji djeluje kao udru\u017eenje u Ljubljani.<\/p>\n<p>Pored Partizanskog hora, kao nosioci upisa su i \u017denski hor Kombinat i Mu\u0161ki hor Slave klavore iz Maribora, a u registar je uvr\u0161teno oko 100 pjesama koje se nalaze u raznim bibliotekama i arhivama s ciljem da budu sa\u010duvane za budu\u0107e generacije.<\/p>\n<p>U saop\u0161tenju slovena\u010dkog ministarstva kulture se navodi da slovena\u010dke partizanske pjesme poti\u010du od narodnih bojnih pjesama, a nastale su tokom Drugog svjetskog rata.<\/p>\n<p>U po\u010detku su partizanske, kao i borbene, rodoljubive, radni\u010dke i revolucionarne pjesme pjevale grupe partizanskih boraca koji su bili dio pozori\u0161nih ili kulturnih grupa koje su nastupale na kulturnim manifestacijama u partizanskim jedinicama ili na oslobo\u0111enim teritorijama.<\/p>\n","protected":false},"excerpt":{"rendered":"<p>\u200bPartizanske pjesame nedavno su upisane u registar nematerijalnog kulturnog naslije\u0111a Slovenije, prenijeli su danas slovena\u010dki mediji.<\/p>\n","protected":false},"author":1,"featured_media":343891,"comment_status":"open","ping_status":"closed","sticky":false,"template":"","format":"standard","meta":{"_seopress_robots_primary_cat":"none","_seopress_titles_title":"","_seopress_titles_desc":"","_seopress_robots_index":"","_et_pb_use_builder":"","_et_pb_old_content":"","_et_gb_content_width":"","inline_featured_image":false,"footnotes":""},"categories":[14],"tags":[],"class_list":["post-405044","post","type-post","status-publish","format-standard","has-post-thumbnail","hentry","category-vijesti"],"_links":{"self":[{"href":"https:\/\/www.pcnen.com\/portal\/wp-json\/wp\/v2\/posts\/405044","targetHints":{"allow":["GET"]}}],"collection":[{"href":"https:\/\/www.pcnen.com\/portal\/wp-json\/wp\/v2\/posts"}],"about":[{"href":"https:\/\/www.pcnen.com\/portal\/wp-json\/wp\/v2\/types\/post"}],"author":[{"embeddable":true,"href":"https:\/\/www.pcnen.com\/portal\/wp-json\/wp\/v2\/users\/1"}],"replies":[{"embeddable":true,"href":"https:\/\/www.pcnen.com\/portal\/wp-json\/wp\/v2\/comments?post=405044"}],"version-history":[{"count":3,"href":"https:\/\/www.pcnen.com\/portal\/wp-json\/wp\/v2\/posts\/405044\/revisions"}],"predecessor-version":[{"id":405049,"href":"https:\/\/www.pcnen.com\/portal\/wp-json\/wp\/v2\/posts\/405044\/revisions\/405049"}],"wp:featuredmedia":[{"embeddable":true,"href":"https:\/\/www.pcnen.com\/portal\/wp-json\/wp\/v2\/media\/343891"}],"wp:attachment":[{"href":"https:\/\/www.pcnen.com\/portal\/wp-json\/wp\/v2\/media?parent=405044"}],"wp:term":[{"taxonomy":"category","embeddable":true,"href":"https:\/\/www.pcnen.com\/portal\/wp-json\/wp\/v2\/categories?post=405044"},{"taxonomy":"post_tag","embeddable":true,"href":"https:\/\/www.pcnen.com\/portal\/wp-json\/wp\/v2\/tags?post=405044"}],"curies":[{"name":"wp","href":"https:\/\/api.w.org\/{rel}","templated":true}]}}