{"id":405015,"date":"2024-06-19T22:09:04","date_gmt":"2024-06-19T20:09:04","guid":{"rendered":"https:\/\/www.pcnen.com\/portal\/?p=405015"},"modified":"2024-06-19T22:09:04","modified_gmt":"2024-06-19T20:09:04","slug":"zogovic-postoje-razlozi-da-se-grlic-radman-proglasi-personom-non-grata","status":"publish","type":"post","link":"https:\/\/www.pcnen.com\/portal\/2024\/06\/19\/zogovic-postoje-razlozi-da-se-grlic-radman-proglasi-personom-non-grata\/","title":{"rendered":"Zogovi\u0107: Postoje razlozi da se Grli\u0107 Radman proglasi personom non grata"},"content":{"rendered":"<p>Izjava \u0161efa hrvatske diplomatije Gordana Grli\u0107 Radmana, u kojoj je poru\u010dio da bi Crna Gora trebala da usvoji rezoluciju o Bo\u017ei\u0107njem ustanku, a ne o Jasenovcu, bila je povod da poslanik Demokratske arodne partije Milun Zogovi\u0107 izjavi da bi trebalo razmisliti o progla\u0161enju Radmana nepo\u017eeljnom osobom (persona non grata) u Crnoj Gori.<\/p>\n<p>&#8220;\u010cak smatram da postoje dovoljni razlozi da se taj diplomata proglasi personom non grata u Crnoj Gori. Ne vidim da neko daje sebi za pravo da se na takav na\u010din mije\u0161a u unutra\u0161nje odnose i onoga \u0161to su namjere parlamentarne ve\u0107ine i vlasti u Crnoj Gori, van svih diplomatskih okvira i diplomatske prakse&#8221;, rekao je Zogovi\u0107, prenosi portal RTCG.<\/p>\n<blockquote><p>Grli\u0107 Radman je, nakon posjete Hrvatskoj zajednici u Crnoj Gori, kazao da Crna Gora nema nikakve istorijske veze sa Jasenovcem. \u201cTo nije istorijski opravdano, niti je politi\u010dki logi\u010dno. I sigurno \u0107e imati na\u0161u reakciju ako do toga do\u0111e\u201d, poru\u010dio je Grli\u0107 Radman. On je dodao da bi se Crna Gora trebala suo\u010diti sa vlastitom istorijom, ako je sklona rezolucijama. \u201cTrebala bi donijeti Rezoluciju o bo\u017ei\u0107nom ustanku, ako idemo unazad. U svijesti Crnogoraca to je ostalo kao jedno bolno pitanje\u201d.<\/p><\/blockquote>\n","protected":false},"excerpt":{"rendered":"<p>Izjava \u0161efa hrvatske diplomatije Gordana Grli\u0107 Radmana, u kojoj je poru\u010dio da bi Crna Gora trebala da usvoji rezoluciju o Bo\u017ei\u0107njem ustanku, a ne o Jasenovcu, bila je povod da poslanik Demokratske arodne partije Milun Zogovi\u0107 izjavi da bi trebalo razmisliti o progla\u0161enju Radmana nepo\u017eeljnom osobom (persona non grata) u Crnoj Gori<\/p>\n","protected":false},"author":1,"featured_media":305454,"comment_status":"open","ping_status":"closed","sticky":false,"template":"","format":"standard","meta":{"_seopress_robots_primary_cat":"none","_seopress_titles_title":"","_seopress_titles_desc":"","_seopress_robots_index":"","_et_pb_use_builder":"","_et_pb_old_content":"","_et_gb_content_width":"","inline_featured_image":false,"footnotes":""},"categories":[14],"tags":[],"class_list":["post-405015","post","type-post","status-publish","format-standard","has-post-thumbnail","hentry","category-vijesti"],"_links":{"self":[{"href":"https:\/\/www.pcnen.com\/portal\/wp-json\/wp\/v2\/posts\/405015","targetHints":{"allow":["GET"]}}],"collection":[{"href":"https:\/\/www.pcnen.com\/portal\/wp-json\/wp\/v2\/posts"}],"about":[{"href":"https:\/\/www.pcnen.com\/portal\/wp-json\/wp\/v2\/types\/post"}],"author":[{"embeddable":true,"href":"https:\/\/www.pcnen.com\/portal\/wp-json\/wp\/v2\/users\/1"}],"replies":[{"embeddable":true,"href":"https:\/\/www.pcnen.com\/portal\/wp-json\/wp\/v2\/comments?post=405015"}],"version-history":[{"count":1,"href":"https:\/\/www.pcnen.com\/portal\/wp-json\/wp\/v2\/posts\/405015\/revisions"}],"predecessor-version":[{"id":405018,"href":"https:\/\/www.pcnen.com\/portal\/wp-json\/wp\/v2\/posts\/405015\/revisions\/405018"}],"wp:featuredmedia":[{"embeddable":true,"href":"https:\/\/www.pcnen.com\/portal\/wp-json\/wp\/v2\/media\/305454"}],"wp:attachment":[{"href":"https:\/\/www.pcnen.com\/portal\/wp-json\/wp\/v2\/media?parent=405015"}],"wp:term":[{"taxonomy":"category","embeddable":true,"href":"https:\/\/www.pcnen.com\/portal\/wp-json\/wp\/v2\/categories?post=405015"},{"taxonomy":"post_tag","embeddable":true,"href":"https:\/\/www.pcnen.com\/portal\/wp-json\/wp\/v2\/tags?post=405015"}],"curies":[{"name":"wp","href":"https:\/\/api.w.org\/{rel}","templated":true}]}}