{"id":404998,"date":"2024-06-19T15:47:38","date_gmt":"2024-06-19T13:47:38","guid":{"rendered":"https:\/\/www.pcnen.com\/portal\/?p=404998"},"modified":"2024-06-19T15:47:38","modified_gmt":"2024-06-19T13:47:38","slug":"media-centar-ponovo-prozvao-rtcg","status":"publish","type":"post","link":"https:\/\/www.pcnen.com\/portal\/2024\/06\/19\/media-centar-ponovo-prozvao-rtcg\/","title":{"rendered":"Media centar ponovo prozvao RTCG"},"content":{"rendered":"<p>Media centar, koji u kontinuitetu kritikuje aktuelni uredni\u010dko-menad\u017eerski tim RTCG, oglasio se i povodom intervjua sa optu\u017eenim biznismenom Du\u0161kom Kne\u017eevi\u0107em, koji je objavila TVCG.<\/p>\n<p>&#8220;Ovo intervjuisanje bi, mo\u017eda, imalo smisla s profesionalne ta\u010dke gledi\u0161ta da je optu\u017eeni Kne\u017eevi\u0107 ponudio ne\u0161to vi\u0161e od bajatih pri\u010da kojima ve\u0107 dugo zasipa crnogorski medijski prostor. Ovako, ispalo je da je nacionalna javna televizija poslu\u017eila za ekskluzivnu medijsku promociju jednog optu\u017eenika i na indirektan na\u010din sugerisala gledateljstvu kako je rije\u010d o nekome ko zaslu\u017euje posebnu pa\u017enju i simpatije.<\/p>\n<p>Imaju\u0107i u vidu da vidljivog profesionalnog razloga za ovaj eksluzivni intervju nije bilo, valjalo bi da se uredni\u0161tvo TVCG potrudi i javnosti otkrije \u0161ta ih je motivisalo na ovo pregnu\u0107e. Zapravo, ispravnije je pitati ko ih je nagovorio na ovo profesionalno neura\u010dunljivo pregnu\u0107e, kojim su jo\u0161 jednom pokazali da su povodljiviji za mi\u0161lju i voljom politi\u010dkih mentora nego za voljom javnosti i njenim pravom da zna&#8221; re\u010deno je u <a href=\"https:\/\/mediacentar.me\/tvcg-ekskluzivnost-bez-profesionalnog-razloga\/\" target=\"_blank\" rel=\"noopener\">reagovanju<\/a> Media centra, koje je potpisao Dragljub Du\u0161ko Vukovi\u0107, predsjednik Skup\u0161tine ove nevladine organizacije.<\/p>\n","protected":false},"excerpt":{"rendered":"<p>Media centar, koji u kontinuitetu kritikuje aktuelni uredni\u010dko-menad\u017eerski tim RTCG, oglasio se i povodom intervjua sa optu\u017eenim biznismenom Du\u0161kom Kne\u017eevi\u0107em, koji je objavila TVCG<\/p>\n","protected":false},"author":1,"featured_media":343274,"comment_status":"open","ping_status":"closed","sticky":false,"template":"","format":"standard","meta":{"_seopress_robots_primary_cat":"none","_seopress_titles_title":"","_seopress_titles_desc":"","_seopress_robots_index":"","_et_pb_use_builder":"","_et_pb_old_content":"","_et_gb_content_width":"","inline_featured_image":false,"footnotes":""},"categories":[14],"tags":[],"class_list":["post-404998","post","type-post","status-publish","format-standard","has-post-thumbnail","hentry","category-vijesti"],"_links":{"self":[{"href":"https:\/\/www.pcnen.com\/portal\/wp-json\/wp\/v2\/posts\/404998","targetHints":{"allow":["GET"]}}],"collection":[{"href":"https:\/\/www.pcnen.com\/portal\/wp-json\/wp\/v2\/posts"}],"about":[{"href":"https:\/\/www.pcnen.com\/portal\/wp-json\/wp\/v2\/types\/post"}],"author":[{"embeddable":true,"href":"https:\/\/www.pcnen.com\/portal\/wp-json\/wp\/v2\/users\/1"}],"replies":[{"embeddable":true,"href":"https:\/\/www.pcnen.com\/portal\/wp-json\/wp\/v2\/comments?post=404998"}],"version-history":[{"count":1,"href":"https:\/\/www.pcnen.com\/portal\/wp-json\/wp\/v2\/posts\/404998\/revisions"}],"predecessor-version":[{"id":405001,"href":"https:\/\/www.pcnen.com\/portal\/wp-json\/wp\/v2\/posts\/404998\/revisions\/405001"}],"wp:featuredmedia":[{"embeddable":true,"href":"https:\/\/www.pcnen.com\/portal\/wp-json\/wp\/v2\/media\/343274"}],"wp:attachment":[{"href":"https:\/\/www.pcnen.com\/portal\/wp-json\/wp\/v2\/media?parent=404998"}],"wp:term":[{"taxonomy":"category","embeddable":true,"href":"https:\/\/www.pcnen.com\/portal\/wp-json\/wp\/v2\/categories?post=404998"},{"taxonomy":"post_tag","embeddable":true,"href":"https:\/\/www.pcnen.com\/portal\/wp-json\/wp\/v2\/tags?post=404998"}],"curies":[{"name":"wp","href":"https:\/\/api.w.org\/{rel}","templated":true}]}}