{"id":404990,"date":"2024-06-19T15:26:02","date_gmt":"2024-06-19T13:26:02","guid":{"rendered":"https:\/\/www.pcnen.com\/portal\/?p=404990"},"modified":"2024-06-19T15:26:13","modified_gmt":"2024-06-19T13:26:13","slug":"sve-se-vise-prica-o-bajdenovoj-smjeni-uoci-najvaznijeg-ispita","status":"publish","type":"post","link":"https:\/\/www.pcnen.com\/portal\/2024\/06\/19\/sve-se-vise-prica-o-bajdenovoj-smjeni-uoci-najvaznijeg-ispita\/","title":{"rendered":"Sve se vi\u0161e pri\u010da o Bajdenovoj smjeni uo\u010di najva\u017enijeg ispita"},"content":{"rendered":"<p>U zadnjih nedjelju dana u\u010destali su pozivi da predsjednik SAD D\u017eozef Bajden (81) odustane od izbora u novembru, dok je za to vrijeme nekoliko snimaka navodnog &#8220;zamrzavanja&#8221; i gafova postalo viralno na dru\u0161tvenim mre\u017eama. Iako su neki od njih osporeni, to je bilo dovoljno da se o\u017eive debata i spekulacije u medijima o mentalnoj sposobnosti \u0161efa Bijele ku\u0107e, koja ni sada ne uliva pretjerano povjerenje bira\u010dima, a on pretenduje da bude na vlasti i sa 86 godina, <a href=\"https:\/\/www.euronews.rs\/svet\/planeta\/127178\/bajdenova-politicka-sudbina-bi-uskoro-mogla-biti-odlucena-sve-se-vise-prica-o-njegovoj-smeni-uoci-najvaznijeg-ispita\/vest\" target=\"_blank\" rel=\"noopener\">pi\u0161e euronews.rs.<\/a><\/p>\n<p>Prvo je odjeknula <a href=\"https:\/\/www.youtube.com\/watch?v=haMJSSkeGCM\" target=\"_blank\" rel=\"noopener\">prognoza<\/a> Stiva Forbsa, glavnog urednika \u010dasopisa Forbes, koji je opisao nekoliko scenarija za smenu kandidata Demokratske stranke jer, po njemu, Bajden nije sposoban da, poput D\u017eona Kenedija za vreme Kubanske krize, uspe\u0161no sprovede Ameriku kroz turbulentna zbivanja u svijetu.<\/p>\n<p>Forbs na po\u010detku videa od 11. juna, sa skoro milion pregleda, komentari\u0161e mogu\u0107nost da demokrate namjerno smanjuju o\u010dekivanja javnosti pred predsjedni\u010dku debatu 27. juna sa biv\u0161im predsjednikom Donaldom Trampom, kako bi Bajdenov nastup djelovao ubjedljivije nego \u0161to jeste.<\/p>\n<p>&#8220;Bilo je glasina da \u0107e Bajden biti izguran i prije njegovog Govora o stanju nacije, ali su ovog puta glasnije, a ton je nervozniji. \u010cinjenica da nekoliko demokrata, skoro uvijek nezvani\u010dno, \u0161apu\u0107e medijima o zabrinutosti, otkriva rastu\u0107e brige o spremnosti ovog predsjednika da izdr\u017ei do kraja kampanje. Skoro niko ne vjeruje da mo\u017ee da iza\u0111e na kraj sa pote\u0161ko\u0107ama drugog mandata&#8221;, ka\u017ee ugledni ameri\u010dki novinar.<\/p>\n<p><iframe loading=\"lazy\" title=\"YouTube video player\" src=\"https:\/\/www.youtube.com\/embed\/0vpIF65ISZU?si=I0UyAHgip8Wrg7S6\" width=\"560\" height=\"315\" frameborder=\"0\" allowfullscreen=\"allowfullscreen\"><\/iframe><\/p>\n","protected":false},"excerpt":{"rendered":"<p>U zadnjih nedjelju dana u\u010destali su pozivi da predsjednik SAD D\u017eozef Bajden (81) odustane od izbora u novembru, dok je za to vrijeme nekoliko snimaka navodnog &#8220;zamrzavanja&#8221; i gafova postalo viralno na dru\u0161tvenim mre\u017eama<\/p>\n","protected":false},"author":1,"featured_media":389613,"comment_status":"open","ping_status":"closed","sticky":false,"template":"","format":"standard","meta":{"_seopress_robots_primary_cat":"none","_seopress_titles_title":"","_seopress_titles_desc":"","_seopress_robots_index":"","_et_pb_use_builder":"","_et_pb_old_content":"","_et_gb_content_width":"","inline_featured_image":false,"footnotes":""},"categories":[14],"tags":[],"class_list":["post-404990","post","type-post","status-publish","format-standard","has-post-thumbnail","hentry","category-vijesti"],"_links":{"self":[{"href":"https:\/\/www.pcnen.com\/portal\/wp-json\/wp\/v2\/posts\/404990","targetHints":{"allow":["GET"]}}],"collection":[{"href":"https:\/\/www.pcnen.com\/portal\/wp-json\/wp\/v2\/posts"}],"about":[{"href":"https:\/\/www.pcnen.com\/portal\/wp-json\/wp\/v2\/types\/post"}],"author":[{"embeddable":true,"href":"https:\/\/www.pcnen.com\/portal\/wp-json\/wp\/v2\/users\/1"}],"replies":[{"embeddable":true,"href":"https:\/\/www.pcnen.com\/portal\/wp-json\/wp\/v2\/comments?post=404990"}],"version-history":[{"count":1,"href":"https:\/\/www.pcnen.com\/portal\/wp-json\/wp\/v2\/posts\/404990\/revisions"}],"predecessor-version":[{"id":404993,"href":"https:\/\/www.pcnen.com\/portal\/wp-json\/wp\/v2\/posts\/404990\/revisions\/404993"}],"wp:featuredmedia":[{"embeddable":true,"href":"https:\/\/www.pcnen.com\/portal\/wp-json\/wp\/v2\/media\/389613"}],"wp:attachment":[{"href":"https:\/\/www.pcnen.com\/portal\/wp-json\/wp\/v2\/media?parent=404990"}],"wp:term":[{"taxonomy":"category","embeddable":true,"href":"https:\/\/www.pcnen.com\/portal\/wp-json\/wp\/v2\/categories?post=404990"},{"taxonomy":"post_tag","embeddable":true,"href":"https:\/\/www.pcnen.com\/portal\/wp-json\/wp\/v2\/tags?post=404990"}],"curies":[{"name":"wp","href":"https:\/\/api.w.org\/{rel}","templated":true}]}}