{"id":404978,"date":"2024-06-19T12:54:49","date_gmt":"2024-06-19T10:54:49","guid":{"rendered":"https:\/\/www.pcnen.com\/portal\/?p=404978"},"modified":"2024-06-19T12:54:49","modified_gmt":"2024-06-19T10:54:49","slug":"borel-preporucio-ukidanje-mjera-kosovu","status":"publish","type":"post","link":"https:\/\/www.pcnen.com\/portal\/2024\/06\/19\/borel-preporucio-ukidanje-mjera-kosovu\/","title":{"rendered":"Borel preporu\u010dio ukidanje mjera Kosovu"},"content":{"rendered":"<p>Visoki predstavnik Evropske unije (EU) za spoljnu politiku i bezbjednost \u017dozep Borel je preporu\u010dio dr\u017eavama \u010dlanicama EU ukidanje kaznenih mjera Kosovu, pi\u0161e Radio slobodna Evropa (RSE), pozivaju\u0107i se na izvore upu\u0107ene u sadr\u017eaj dokumenta, prenosi Beta.<\/p>\n<p>Ti izvori potvr\u0111uju da je ovu preporuku Borel oslonio na \u010dinjenicu da je Kosovo preduzelo korake u pravcu ispunjavanja zahtjeva EU izra\u017eenih u saop\u0161tenju od 3. juna 2023. On je ocijenio da bi ukidanje mjera predstavljao politi\u010dki signal i doprinijelo bi &#8220;izbalansiranom kontekstu&#8221; u kome mo\u017ee napredovati dijalog Beograda i Pri\u0161tine.<\/p>\n<p>\u0160ef evropske diplomatije je izve\u0161taj o mogu\u0107nosti ukidanja mjera predao dr\u017eavama \u010dlanicama EU ju\u010de, ali tekst jo\u0161 nije zvani\u010dno objavljen.<\/p>\n<p>Ambasadori EU zemalja \u0107e o ovom dokumentu raspravljati danas i od te rasprave \u0107e zavisiti kako \u0107e EU pristupiti dalje ovom pitanju.<\/p>\n<p>Ne isklju\u010duje se mogu\u0107nost da ukidanje mjera bude na dnevnom redu sastanka ministara inostranih poslova EU, koji \u0107e biti odr\u017ean u ponedjeljak, 24. juna.<\/p>\n<p>EU je uvela mjere prema Kosovu u junu 2023, poslije nasilja koje je krajem maja izbilo na sjeveru, kada su izabrani gradona\u010delnici albanske nacionalnosti u\u0161li u op\u0161tinske zgrade i preuzeli du\u017enost.<\/p>\n<p>Oni su izabrani na izborima u aprilu 2023, po\u0161to su Srbi napustili kosovske institucije krajem 2022. godine, nezadovoljni odlukom o registarskim tablicama koju je donijela Vlada Kosova.<\/p>\n<p>Izbore iz 2023. je bojkotovala Srpska lista i lokalno srpsko stanovni\u0161tvo.<\/p>\n<p>Situacija je eskalirala 29. maja u Zve\u010danu, poslije sukoba izme\u0111u demonstranata i pripadnika KFOR-a.<\/p>\n","protected":false},"excerpt":{"rendered":"<p>Visoki predstavnik Evropske unije (EU) za spoljnu politiku i bezbjednost \u017dozep Borel je preporu\u010dio dr\u017eavama \u010dlanicama EU ukidanje kaznenih mjera Kosovu, pi\u0161e Radio slobodna Evropa (RSE)<\/p>\n","protected":false},"author":1,"featured_media":319239,"comment_status":"open","ping_status":"closed","sticky":false,"template":"","format":"standard","meta":{"_seopress_robots_primary_cat":"none","_seopress_titles_title":"","_seopress_titles_desc":"","_seopress_robots_index":"","_et_pb_use_builder":"","_et_pb_old_content":"","_et_gb_content_width":"","inline_featured_image":false,"footnotes":""},"categories":[14],"tags":[],"class_list":["post-404978","post","type-post","status-publish","format-standard","has-post-thumbnail","hentry","category-vijesti"],"_links":{"self":[{"href":"https:\/\/www.pcnen.com\/portal\/wp-json\/wp\/v2\/posts\/404978","targetHints":{"allow":["GET"]}}],"collection":[{"href":"https:\/\/www.pcnen.com\/portal\/wp-json\/wp\/v2\/posts"}],"about":[{"href":"https:\/\/www.pcnen.com\/portal\/wp-json\/wp\/v2\/types\/post"}],"author":[{"embeddable":true,"href":"https:\/\/www.pcnen.com\/portal\/wp-json\/wp\/v2\/users\/1"}],"replies":[{"embeddable":true,"href":"https:\/\/www.pcnen.com\/portal\/wp-json\/wp\/v2\/comments?post=404978"}],"version-history":[{"count":1,"href":"https:\/\/www.pcnen.com\/portal\/wp-json\/wp\/v2\/posts\/404978\/revisions"}],"predecessor-version":[{"id":404981,"href":"https:\/\/www.pcnen.com\/portal\/wp-json\/wp\/v2\/posts\/404978\/revisions\/404981"}],"wp:featuredmedia":[{"embeddable":true,"href":"https:\/\/www.pcnen.com\/portal\/wp-json\/wp\/v2\/media\/319239"}],"wp:attachment":[{"href":"https:\/\/www.pcnen.com\/portal\/wp-json\/wp\/v2\/media?parent=404978"}],"wp:term":[{"taxonomy":"category","embeddable":true,"href":"https:\/\/www.pcnen.com\/portal\/wp-json\/wp\/v2\/categories?post=404978"},{"taxonomy":"post_tag","embeddable":true,"href":"https:\/\/www.pcnen.com\/portal\/wp-json\/wp\/v2\/tags?post=404978"}],"curies":[{"name":"wp","href":"https:\/\/api.w.org\/{rel}","templated":true}]}}