{"id":404972,"date":"2024-06-19T12:04:03","date_gmt":"2024-06-19T10:04:03","guid":{"rendered":"https:\/\/www.pcnen.com\/portal\/?p=404972"},"modified":"2024-06-19T12:04:03","modified_gmt":"2024-06-19T10:04:03","slug":"izraelski-ratni-zlocini-ukljucujuci-seksualne-napade-drasticno-su-intenzivirani","status":"publish","type":"post","link":"https:\/\/www.pcnen.com\/portal\/2024\/06\/19\/izraelski-ratni-zlocini-ukljucujuci-seksualne-napade-drasticno-su-intenzivirani\/","title":{"rendered":"Izraelski ratni zlo\u010dini, uklju\u010duju\u0107i seksualne napade, drasti\u010dno su intenzivirani"},"content":{"rendered":"<p>Od 7. oktobra 2023.godine godine, izraelski ratni zlo\u010dini, uklju\u010duju\u0107i seksualne napade na palestinski narod, drasti\u010dno su intenzivirani, navedeno je u saop\u0161tenju Ambasade dr\u017eave Palestine u Crnoj Gori izdatom danas povodom 19. juna &#8211; Me\u0111unarodnog dana eliminacije seksualnog nasilja u konfliktu.<\/p>\n<p>&#8220;U Gazi je prijavljeno vi\u0161e slu\u010dajeva silovanja palestinskih \u017eena i mu\u0161karaca, uklju\u010duju\u0107i i unutar bolnica koje su napadnute i infiltrirane direktno od strane izraelskih okupacionih snaga, kao i u izraelskim centrima za zadr\u017eavanje (zatvoreni\u010dkim kampovima \u2013 koncentracionim logorima) u kojima je vi\u0161e od 9.155 Palestinaca, uklju\u010duju\u0107i 635 djece i 300 \u017eena i djevoj\u010dica pod stalnim tretmanom sistematskog mu\u010denja, izgladnjivanja, seksualnog nasilja, kao i generalnog lo\u0161eg tretmana povrh ve\u0107 nepravednog nasilnog kidnapovanja&#8221;, pi\u0161e u saop\u0161tenju, u kome se ka\u017ee da &#8220;Dr\u017eava Palestina odbija i osu\u0111uje sve \u010dinove seksualnog nasilja po\u010dinjene nad bilo kojim ljudskim bi\u0107em nezavisno od njene ili njegove religiozne, etni\u010dke ili nacionalne pripadnosti&#8221;.<\/p>\n<p>U saop\u0161tenju se navodi da &#8220;Dr\u017eava Palestina moli sve zemlje koje pru\u017eaju vojnu pomo\u0107 i snabdijevaju oru\u017ejem Izrael, okupacionu silu, da prestanu istog trenutka jer ih to \u010dini sau\u010desnicima u kr\u0161enju Me\u0111unarodnog humanitarnog prava, kao i sa po\u010dinjavanjem genocida nad palestinskim narodom&#8221;.<\/p>\n","protected":false},"excerpt":{"rendered":"<p>U Gazi je prijavljeno vi\u0161e slu\u010dajeva silovanja palestinskih \u017eena i mu\u0161karaca, uklju\u010duju\u0107i i unutar bolnica koje su napadnute, navedeno je u saop\u0161tenju Ambasade dr\u017eave Palestine u Crnoj Gori izdatom danas povodom 19. juna &#8211; Me\u0111unarodnog dana eliminacije seksualnog nasilja u konfliktu<\/p>\n","protected":false},"author":1,"featured_media":404975,"comment_status":"open","ping_status":"closed","sticky":false,"template":"","format":"standard","meta":{"_seopress_robots_primary_cat":"none","_seopress_titles_title":"","_seopress_titles_desc":"","_seopress_robots_index":"","_et_pb_use_builder":"","_et_pb_old_content":"","_et_gb_content_width":"","inline_featured_image":false,"footnotes":""},"categories":[14],"tags":[],"class_list":["post-404972","post","type-post","status-publish","format-standard","has-post-thumbnail","hentry","category-vijesti"],"_links":{"self":[{"href":"https:\/\/www.pcnen.com\/portal\/wp-json\/wp\/v2\/posts\/404972","targetHints":{"allow":["GET"]}}],"collection":[{"href":"https:\/\/www.pcnen.com\/portal\/wp-json\/wp\/v2\/posts"}],"about":[{"href":"https:\/\/www.pcnen.com\/portal\/wp-json\/wp\/v2\/types\/post"}],"author":[{"embeddable":true,"href":"https:\/\/www.pcnen.com\/portal\/wp-json\/wp\/v2\/users\/1"}],"replies":[{"embeddable":true,"href":"https:\/\/www.pcnen.com\/portal\/wp-json\/wp\/v2\/comments?post=404972"}],"version-history":[{"count":1,"href":"https:\/\/www.pcnen.com\/portal\/wp-json\/wp\/v2\/posts\/404972\/revisions"}],"predecessor-version":[{"id":404976,"href":"https:\/\/www.pcnen.com\/portal\/wp-json\/wp\/v2\/posts\/404972\/revisions\/404976"}],"wp:featuredmedia":[{"embeddable":true,"href":"https:\/\/www.pcnen.com\/portal\/wp-json\/wp\/v2\/media\/404975"}],"wp:attachment":[{"href":"https:\/\/www.pcnen.com\/portal\/wp-json\/wp\/v2\/media?parent=404972"}],"wp:term":[{"taxonomy":"category","embeddable":true,"href":"https:\/\/www.pcnen.com\/portal\/wp-json\/wp\/v2\/categories?post=404972"},{"taxonomy":"post_tag","embeddable":true,"href":"https:\/\/www.pcnen.com\/portal\/wp-json\/wp\/v2\/tags?post=404972"}],"curies":[{"name":"wp","href":"https:\/\/api.w.org\/{rel}","templated":true}]}}