{"id":404901,"date":"2024-06-18T14:28:35","date_gmt":"2024-06-18T12:28:35","guid":{"rendered":"https:\/\/www.pcnen.com\/portal\/?p=404901"},"modified":"2024-06-18T15:13:10","modified_gmt":"2024-06-18T13:13:10","slug":"zagreb-u-bolnici-rebro-otkrivena-legionela","status":"publish","type":"post","link":"https:\/\/www.pcnen.com\/portal\/2024\/06\/18\/zagreb-u-bolnici-rebro-otkrivena-legionela\/","title":{"rendered":"Zagreb: U bolnici &#8216;Rebro&#8217; otkrivena legionela"},"content":{"rendered":"<p>Pet pacijenata, hospitaliziranih u KBC Zagreb, na lokaciji Rebro, <a href=\"https:\/\/sr.wikipedia.org\/sr\/%D0%9B%D0%B5%D0%B3%D0%B8%D0%BE%D0%BD%D0%B0%D1%80%D1%81%D0%BA%D0%B0_%D0%B1%D0%BE%D0%BB%D0%B5%D1%81%D1%82\">zarazilo se legionelom,<\/a> potvr\u0111eno je hrvatskim medijima iz KBC-a.<\/p>\n<p>Nakon \u0161to je ustanovljeno da imaju zara\u017eene pacijente, od \u010dega je dvoje u te\u0161kom stanju, krenulo se u istragu odakle je krenula zaraza.<\/p>\n<p>\u201cOdmah smo alarmirali Hrvatski zavod za javno zdravstvo koji je napravio sve analize i bakterija je izolirana u vodovodnom sustavu. U ovom trenu je u tijeku pasterizacija, odnosno ispu\u0161ta se vrela voda iz svih slavina u bolnici\u201d, ka\u017ee prof.dr. Milivoj Novak, pomo\u0107nik direktora za kvalitet.<\/p>\n<p>Znakove bolesti je pokazalo pet pacijenata, od kojih je dvoje u te\u0161kom stanju.<\/p>\n<p>\u201cRije\u010d je o pacijentima koji su te\u0161ko bolesni od osnovne bolesti tako da je Legionella drasti\u010dno pogor\u0161ala njihovo stanje\u201d, rekao je Novak <a href=\"https:\/\/www.jutarnji.hr\/vijesti\/hrvatska\/na-rebru-otkrivena-legionela-zarazeno-5-pacijenata-dvoje-u-teskom-stanju-otkriveno-odakle-je-krenula-zaraza-15472837\">za jutarnji.hr<\/a><\/p>\n<blockquote><p>Legionarska bolest je atipi\u010dna upala plu\u0107a, uzrokovana bakterijom, a zaraza se vrlo \u010desto mo\u017ee pro\u0161iriti iz klima-ure\u0111aja ili vode.<\/p>\n<p>Lije\u010di se antibioticima, azitromicinom, kinolonima ili rifampicinom, a epidemije ove bolesti uglavnom su povezane s vodovodom bolnica, hotela i javnih kupali\u0161ta ili bazena,<\/p><\/blockquote>\n","protected":false},"excerpt":{"rendered":"<p>Pet pacijenata, hospitaliziranih u KBC Zagreb, na lokaciji Rebro, zarazilo se legionelom, potvr\u0111eno je hrvatskim medijima iz KBC-a.<\/p>\n","protected":false},"author":1,"featured_media":404904,"comment_status":"open","ping_status":"closed","sticky":false,"template":"","format":"standard","meta":{"_seopress_robots_primary_cat":"none","_seopress_titles_title":"","_seopress_titles_desc":"","_seopress_robots_index":"","_et_pb_use_builder":"","_et_pb_old_content":"","_et_gb_content_width":"","inline_featured_image":false,"footnotes":""},"categories":[14],"tags":[],"class_list":["post-404901","post","type-post","status-publish","format-standard","has-post-thumbnail","hentry","category-vijesti"],"_links":{"self":[{"href":"https:\/\/www.pcnen.com\/portal\/wp-json\/wp\/v2\/posts\/404901","targetHints":{"allow":["GET"]}}],"collection":[{"href":"https:\/\/www.pcnen.com\/portal\/wp-json\/wp\/v2\/posts"}],"about":[{"href":"https:\/\/www.pcnen.com\/portal\/wp-json\/wp\/v2\/types\/post"}],"author":[{"embeddable":true,"href":"https:\/\/www.pcnen.com\/portal\/wp-json\/wp\/v2\/users\/1"}],"replies":[{"embeddable":true,"href":"https:\/\/www.pcnen.com\/portal\/wp-json\/wp\/v2\/comments?post=404901"}],"version-history":[{"count":4,"href":"https:\/\/www.pcnen.com\/portal\/wp-json\/wp\/v2\/posts\/404901\/revisions"}],"predecessor-version":[{"id":404915,"href":"https:\/\/www.pcnen.com\/portal\/wp-json\/wp\/v2\/posts\/404901\/revisions\/404915"}],"wp:featuredmedia":[{"embeddable":true,"href":"https:\/\/www.pcnen.com\/portal\/wp-json\/wp\/v2\/media\/404904"}],"wp:attachment":[{"href":"https:\/\/www.pcnen.com\/portal\/wp-json\/wp\/v2\/media?parent=404901"}],"wp:term":[{"taxonomy":"category","embeddable":true,"href":"https:\/\/www.pcnen.com\/portal\/wp-json\/wp\/v2\/categories?post=404901"},{"taxonomy":"post_tag","embeddable":true,"href":"https:\/\/www.pcnen.com\/portal\/wp-json\/wp\/v2\/tags?post=404901"}],"curies":[{"name":"wp","href":"https:\/\/api.w.org\/{rel}","templated":true}]}}