{"id":404882,"date":"2024-06-18T09:44:32","date_gmt":"2024-06-18T07:44:32","guid":{"rendered":"https:\/\/www.pcnen.com\/portal\/?p=404882"},"modified":"2024-06-18T09:44:32","modified_gmt":"2024-06-18T07:44:32","slug":"sukob-demonstranata-i-policije-u-jerusalimu","status":"publish","type":"post","link":"https:\/\/www.pcnen.com\/portal\/2024\/06\/18\/sukob-demonstranata-i-policije-u-jerusalimu\/","title":{"rendered":"Sukob demonstranata i policije u Jerusalimu"},"content":{"rendered":"<p>Desetine hiljada demonstranata okupile su se sino\u0107 ispred izraelskog parlamenta (Kneseta) pozivaju\u0107i na hitne izbore i sporazum sa Hamasom kako bi se osiguralo osloba\u0111anje talaca zato\u010denih u Gazi.<\/p>\n<p>Policija se sukobila sa demonstrantima ispred rezidencije premijera Izraela Benjamina Netanjahua koriste\u0107i vodene topove protiv onih koji su probili policijske ograde.<\/p>\n<p>Izraelski mediji su objavili da je troje ljudi hospitalizovano, a da ih je najmanje devetoro uhap\u0161eno, prenosi Beta.<\/p>\n<p>Mnogi Izraelci, gnevni \u0161to se taoci i dalje dr\u017ee u Gazi i zbog rata koji traje, optu\u017euju Netanjahua da stavlja politi\u010dke interese ispred svega drugog.<\/p>\n<p>Oni smatraju da je vlada izgubila kontrolu nad ratom koji traje vi\u0161e od osam mjeseci i zahtijevaju sporazum o okon\u010danju borbe i povratku talaca, konstatuje Aso\u0161ijeted pres.<\/p>\n<p>Netanjahu pori\u010de optu\u017ebe i ka\u017ee da vodi ra\u010duna o najboljim interesima zemlje.<\/p>\n<p>On je u ponedjeljak raspustio uticajni ratni kabinet, \u010diji je zadatak bio da upravlja ratom u Gazi, nedjelju dana po\u0161to je jedan od tri \u010dlana Beni Ganc napustio koalicionu vladu.<\/p>\n<p>Ganc se pridru\u017eio Netanjahuovoj vladi na po\u010detku rata da poka\u017ee nacionalno jedinstvo.<\/p>\n<p>&#8220;Do\u0161li smo da protestujemo ponovo, 50. put, mi smo ovdje, u Tel Avivu, svuda&#8221;, rekao je demonstrant Dror Kacman, objasniv\u0161i da je cilj osloba\u0111anje od korumpirane vlade koja ne vra\u0107a taoce, nespretno vodi rat i odgovorna je za najgori teroristi\u010dki napad poslije Holokausta, kako je rekao, aludiraju\u0107i na napad Hamasa na jug Izraela 7. oktobra pro\u0161le godine.<\/p>\n<p>Veliki antivladini protesti odr\u017eavaju se svake subote uve\u010de u Izraelu,a sino\u0107nji protest u Jerusalimu su predvodili isti aktivisti koji su organizovali proteste protiv Netanjahua pro\u0161le godine zbog njegovih nastojanja da reformi\u0161e pravosudni sistem.<\/p>\n<p>Demonstranti su i\u0161li od Kneseta do Netanjahuove privatne rezidencije, nose\u0107i izraelske zastave i skandiraju\u0107i protiv vlade.<\/p>\n<p>&#8220;Zbog vas umiremo, nestanite iz na\u0161ih \u017eivota&#8221; pisalo je na jednom transparentu na kojem je bila fotografija Netanjahua i krvavi otisci ruku.<\/p>\n","protected":false},"excerpt":{"rendered":"<p>Desetine hiljada demonstranata okupile su se sino\u0107 ispred izraelskog parlamenta (Kneseta) pozivaju\u0107i na hitne izbore i sporazum sa Hamasom kako bi se osiguralo osloba\u0111anje talaca zato\u010denih u Gazi. Policija se sukobila sa demonstrantima ispred rezidencije premijera Izraela Benjamina Netanjahua koriste\u0107i vodene topove protiv onih koji su probili policijske ograde. Izraelski mediji su objavili da je [&hellip;]<\/p>\n","protected":false},"author":1,"featured_media":404885,"comment_status":"open","ping_status":"closed","sticky":false,"template":"","format":"standard","meta":{"_seopress_robots_primary_cat":"none","_seopress_titles_title":"","_seopress_titles_desc":"","_seopress_robots_index":"","_et_pb_use_builder":"","_et_pb_old_content":"","_et_gb_content_width":"","inline_featured_image":false,"footnotes":""},"categories":[14],"tags":[],"class_list":["post-404882","post","type-post","status-publish","format-standard","has-post-thumbnail","hentry","category-vijesti"],"_links":{"self":[{"href":"https:\/\/www.pcnen.com\/portal\/wp-json\/wp\/v2\/posts\/404882","targetHints":{"allow":["GET"]}}],"collection":[{"href":"https:\/\/www.pcnen.com\/portal\/wp-json\/wp\/v2\/posts"}],"about":[{"href":"https:\/\/www.pcnen.com\/portal\/wp-json\/wp\/v2\/types\/post"}],"author":[{"embeddable":true,"href":"https:\/\/www.pcnen.com\/portal\/wp-json\/wp\/v2\/users\/1"}],"replies":[{"embeddable":true,"href":"https:\/\/www.pcnen.com\/portal\/wp-json\/wp\/v2\/comments?post=404882"}],"version-history":[{"count":1,"href":"https:\/\/www.pcnen.com\/portal\/wp-json\/wp\/v2\/posts\/404882\/revisions"}],"predecessor-version":[{"id":404886,"href":"https:\/\/www.pcnen.com\/portal\/wp-json\/wp\/v2\/posts\/404882\/revisions\/404886"}],"wp:featuredmedia":[{"embeddable":true,"href":"https:\/\/www.pcnen.com\/portal\/wp-json\/wp\/v2\/media\/404885"}],"wp:attachment":[{"href":"https:\/\/www.pcnen.com\/portal\/wp-json\/wp\/v2\/media?parent=404882"}],"wp:term":[{"taxonomy":"category","embeddable":true,"href":"https:\/\/www.pcnen.com\/portal\/wp-json\/wp\/v2\/categories?post=404882"},{"taxonomy":"post_tag","embeddable":true,"href":"https:\/\/www.pcnen.com\/portal\/wp-json\/wp\/v2\/tags?post=404882"}],"curies":[{"name":"wp","href":"https:\/\/api.w.org\/{rel}","templated":true}]}}