{"id":404878,"date":"2024-06-18T09:37:55","date_gmt":"2024-06-18T07:37:55","guid":{"rendered":"https:\/\/www.pcnen.com\/portal\/?p=404878"},"modified":"2024-06-18T09:37:55","modified_gmt":"2024-06-18T07:37:55","slug":"evropski-lideri-bez-dogovora-o-raspodjeli-funkcija","status":"publish","type":"post","link":"https:\/\/www.pcnen.com\/portal\/2024\/06\/18\/evropski-lideri-bez-dogovora-o-raspodjeli-funkcija\/","title":{"rendered":"Evropski lideri bez dogovora o raspodjeli funkcija"},"content":{"rendered":"<p>\u0160arl Mi\u0161el, predsjednik Evropskog savjeta je izjavio da na neformalnom samitu lidera EU nije postignut dogovor o raspodjeli vode\u0107ih funkcija u evropskim institucijama.<\/p>\n<p>&#8220;To je bio dobar povod za razmjenu mi\u0161ljenja, uz uzimanje u rezultata izbora (za Evropski parlament) i pripremu formalnog sastanka Evropskog savjeta, koji c\u0301e se odr\u017eati sljedec\u0301e nedjelje ovdje u Briselu. Bio je to dobar razgovor, mislim da ide u pravom smjeru, ali u ovoj fazi nema dogovora&#8221;, rekao je Mi\u0161el,\u00a0 prenosi Tanjug.<\/p>\n<p>On je dodao da su politi\u010dke partije dale svoje prijedloge i dodao da \u0107e lideri EU u junu morati da donesu dvije odluke, jednu vezanu za naredni institucionalni ciklus, uz uzimanje u obzir rezultata izbora za Evropski parlament, a drugu odluku u vezi sa strate\u0161kom agendom EU.<\/p>\n<p>Mi\u0161el je uvjeren da \u0107e ove dvije odluke , jednu vezanu za naredni institucionalni ciklus, uz uzimanje u obzir rezultata izbora za EP, a drugu odluku u vezi sa strate\u0161kom agendom EU.<\/p>\n<p>On se nada da \u0107e ove dve odluke biti donesen \u00a0do kraja juna.<\/p>\n<p>Lideri EU razgovarali su ju\u010de u Briselu o tome ko \u0107e biti novi predsjednik Evropske komisije, ko \u0107e predvoditi Evropski savjet, a ko \u0107e biti novi visoki predstavnik EU za spoljne poslove i bezbjednosnu politiku.<\/p>\n<p>Zvani\u010dni dogovor o raspodjeli funkcija o\u010dekuje se na formalnom samitu Evropskog savjeta 27. i 28. juna.<\/p>\n","protected":false},"excerpt":{"rendered":"<p>\u0160arl Mi\u0161el, predsjednik Evropskog savjeta je izjavio da na neformalnom samitu lidera EU nije postignut dogovor o raspodjeli vode\u0107ih funkcija u evropskim institucijama.<\/p>\n","protected":false},"author":1,"featured_media":328473,"comment_status":"open","ping_status":"closed","sticky":false,"template":"","format":"standard","meta":{"_seopress_robots_primary_cat":"none","_seopress_titles_title":"","_seopress_titles_desc":"","_seopress_robots_index":"","_et_pb_use_builder":"","_et_pb_old_content":"","_et_gb_content_width":"","inline_featured_image":false,"footnotes":""},"categories":[14],"tags":[],"class_list":["post-404878","post","type-post","status-publish","format-standard","has-post-thumbnail","hentry","category-vijesti"],"_links":{"self":[{"href":"https:\/\/www.pcnen.com\/portal\/wp-json\/wp\/v2\/posts\/404878","targetHints":{"allow":["GET"]}}],"collection":[{"href":"https:\/\/www.pcnen.com\/portal\/wp-json\/wp\/v2\/posts"}],"about":[{"href":"https:\/\/www.pcnen.com\/portal\/wp-json\/wp\/v2\/types\/post"}],"author":[{"embeddable":true,"href":"https:\/\/www.pcnen.com\/portal\/wp-json\/wp\/v2\/users\/1"}],"replies":[{"embeddable":true,"href":"https:\/\/www.pcnen.com\/portal\/wp-json\/wp\/v2\/comments?post=404878"}],"version-history":[{"count":1,"href":"https:\/\/www.pcnen.com\/portal\/wp-json\/wp\/v2\/posts\/404878\/revisions"}],"predecessor-version":[{"id":404881,"href":"https:\/\/www.pcnen.com\/portal\/wp-json\/wp\/v2\/posts\/404878\/revisions\/404881"}],"wp:featuredmedia":[{"embeddable":true,"href":"https:\/\/www.pcnen.com\/portal\/wp-json\/wp\/v2\/media\/328473"}],"wp:attachment":[{"href":"https:\/\/www.pcnen.com\/portal\/wp-json\/wp\/v2\/media?parent=404878"}],"wp:term":[{"taxonomy":"category","embeddable":true,"href":"https:\/\/www.pcnen.com\/portal\/wp-json\/wp\/v2\/categories?post=404878"},{"taxonomy":"post_tag","embeddable":true,"href":"https:\/\/www.pcnen.com\/portal\/wp-json\/wp\/v2\/tags?post=404878"}],"curies":[{"name":"wp","href":"https:\/\/api.w.org\/{rel}","templated":true}]}}