{"id":404846,"date":"2024-06-17T20:09:12","date_gmt":"2024-06-17T18:09:12","guid":{"rendered":"https:\/\/www.pcnen.com\/portal\/?p=404846"},"modified":"2024-06-17T20:09:12","modified_gmt":"2024-06-17T18:09:12","slug":"sudjenje-belivuku-i-miljkovicu-pocelo-ispocetka","status":"publish","type":"post","link":"https:\/\/www.pcnen.com\/portal\/2024\/06\/17\/sudjenje-belivuku-i-miljkovicu-pocelo-ispocetka\/","title":{"rendered":"Su\u0111enje Belivuku i Miljkovi\u0107u po\u010delo ispo\u010detka"},"content":{"rendered":"<p>Su\u0111enje organizovanoj kriminalnoj grupi Veljka Belivuka i Marka Miljkovi\u0107a po\u010dinje ispo\u010detka, a razlog je &#8211; dosada\u0161nja predsjednica Sudskog vije\u0107a oti\u0161la je u penziju, a su\u0111enje preuzela nova sudkinja, Zorica Avramovi\u0107.<\/p>\n<p>\u010citanjem dvije optu\u017enice, danas je iznova u Beogradu po\u010delo su\u0111enje optu\u017eenim pripadnicima organizovane kriminalne grupe kojom su upravljali prvookrivljeni Veljko Belivuk i Marko Miljkovi\u0107. Prvom optu\u017enicom, ta kriminalna grupa optu\u017eena je za pet ubistava, nelegalno dr\u017eanje i rasturanje narkotika i oru\u017eja, otmicu i silovanje. Drugom optu\u017enicom, Veljko Belivuk, Marko Miljkovi\u0107 i jo\u0161 deset pripadnika grupe terete se za jo\u0161 dva ubistva, <a href=\"https:\/\/insajder.net\/teme\/sudenje-veljku-belivuku-pocelo-ispocetka-nova-sudija-razresila-advokate-po-sluzbenoj-duznosti-tuzilac-cita-dve-optuznice\" target=\"_blank\" rel=\"noopener\">pi\u0161e Insajder.\u00a0<\/a><\/p>\n<p><a href=\"https:\/\/www.pcnen.com\/portal\/?s=Belivuk\" target=\"_blank\" rel=\"noopener\">VEZANE VIJESTI<\/a><\/p>\n","protected":false},"excerpt":{"rendered":"<p>Su\u0111enje organizovanoj kriminalnoj grupi Veljka Belivuka i Marka Miljkovi\u0107a po\u010dinje ispo\u010detka, a razlog je &#8211; dosada\u0161nja predsjednica Sudskog vije\u0107a oti\u0161la je u penziju, a su\u0111enje preuzela nova sudkinja, Zorica Avramovi\u0107<\/p>\n","protected":false},"author":1,"featured_media":404849,"comment_status":"open","ping_status":"closed","sticky":false,"template":"","format":"standard","meta":{"_seopress_robots_primary_cat":"none","_seopress_titles_title":"","_seopress_titles_desc":"","_seopress_robots_index":"","_et_pb_use_builder":"","_et_pb_old_content":"","_et_gb_content_width":"","inline_featured_image":false,"footnotes":""},"categories":[14],"tags":[],"class_list":["post-404846","post","type-post","status-publish","format-standard","has-post-thumbnail","hentry","category-vijesti"],"_links":{"self":[{"href":"https:\/\/www.pcnen.com\/portal\/wp-json\/wp\/v2\/posts\/404846","targetHints":{"allow":["GET"]}}],"collection":[{"href":"https:\/\/www.pcnen.com\/portal\/wp-json\/wp\/v2\/posts"}],"about":[{"href":"https:\/\/www.pcnen.com\/portal\/wp-json\/wp\/v2\/types\/post"}],"author":[{"embeddable":true,"href":"https:\/\/www.pcnen.com\/portal\/wp-json\/wp\/v2\/users\/1"}],"replies":[{"embeddable":true,"href":"https:\/\/www.pcnen.com\/portal\/wp-json\/wp\/v2\/comments?post=404846"}],"version-history":[{"count":1,"href":"https:\/\/www.pcnen.com\/portal\/wp-json\/wp\/v2\/posts\/404846\/revisions"}],"predecessor-version":[{"id":404850,"href":"https:\/\/www.pcnen.com\/portal\/wp-json\/wp\/v2\/posts\/404846\/revisions\/404850"}],"wp:featuredmedia":[{"embeddable":true,"href":"https:\/\/www.pcnen.com\/portal\/wp-json\/wp\/v2\/media\/404849"}],"wp:attachment":[{"href":"https:\/\/www.pcnen.com\/portal\/wp-json\/wp\/v2\/media?parent=404846"}],"wp:term":[{"taxonomy":"category","embeddable":true,"href":"https:\/\/www.pcnen.com\/portal\/wp-json\/wp\/v2\/categories?post=404846"},{"taxonomy":"post_tag","embeddable":true,"href":"https:\/\/www.pcnen.com\/portal\/wp-json\/wp\/v2\/tags?post=404846"}],"curies":[{"name":"wp","href":"https:\/\/api.w.org\/{rel}","templated":true}]}}