{"id":404836,"date":"2024-06-17T19:01:00","date_gmt":"2024-06-17T17:01:00","guid":{"rendered":"https:\/\/www.pcnen.com\/portal\/?p=404836"},"modified":"2024-06-17T19:01:00","modified_gmt":"2024-06-17T17:01:00","slug":"premijer-spajic-kasnio-predsjednik-bugarske-otisao","status":"publish","type":"post","link":"https:\/\/www.pcnen.com\/portal\/2024\/06\/17\/premijer-spajic-kasnio-predsjednik-bugarske-otisao\/","title":{"rendered":"Premijer Spaji\u0107 kasnio, predsjednik Bugarske oti\u0161ao"},"content":{"rendered":"<p>Delegacija predsjednika Bugarske Rumena Radeva je napustila zgradu Vlade jer premijera Milojka Spaji\u0107a nije bilo u salonu u dogovoreno vrijeme za prijem.<\/p>\n<p>&#8220;Sa ambasadom Bugarske dogovoreno je da se sastanak odr\u017ei u prijemnom salonu u zgradi Vlade u 17 \u010dasova, po\u0161to je predsjednik Vlade Milojko Spaji\u0107 imao veliku \u017eelju da se, uprkos zgusnutoj agendi, sastane sa predsjednikom Radevim. Raniji sastanak predsjednika Vlade sa najve\u0107om turisti\u010dkom kompanijom, njema\u010dkim TUI-ijem, trajao je tri minuta du\u017ee od planiranog, a delegacija predsjednika Bugarske Rumena Radeva, poslije \u010detiri minuta \u010dekanja, napustila je zgradu Vlade&#8221;, re\u010deno je Vijestima iz Vlade.<\/p>\n<p>Predsjednik Bugarske se nalazi u zvani\u010dnoj posjeti Crnoj Gori, a doma\u0107in mu je predsjednik Crne Gore Jakov Milatvi\u0107.<\/p>\n","protected":false},"excerpt":{"rendered":"<p>Delegacija predsjednika Bugarske Rumena Radeva je napustila zgradu Vlade jer premijera Milojka Spaji\u0107a nije bilo u salonu u dogovoreno vrijeme za prijem<\/p>\n","protected":false},"author":1,"featured_media":404839,"comment_status":"open","ping_status":"closed","sticky":false,"template":"","format":"standard","meta":{"_seopress_robots_primary_cat":"none","_seopress_titles_title":"","_seopress_titles_desc":"","_seopress_robots_index":"","_et_pb_use_builder":"","_et_pb_old_content":"","_et_gb_content_width":"","inline_featured_image":false,"footnotes":""},"categories":[14],"tags":[],"class_list":["post-404836","post","type-post","status-publish","format-standard","has-post-thumbnail","hentry","category-vijesti"],"_links":{"self":[{"href":"https:\/\/www.pcnen.com\/portal\/wp-json\/wp\/v2\/posts\/404836","targetHints":{"allow":["GET"]}}],"collection":[{"href":"https:\/\/www.pcnen.com\/portal\/wp-json\/wp\/v2\/posts"}],"about":[{"href":"https:\/\/www.pcnen.com\/portal\/wp-json\/wp\/v2\/types\/post"}],"author":[{"embeddable":true,"href":"https:\/\/www.pcnen.com\/portal\/wp-json\/wp\/v2\/users\/1"}],"replies":[{"embeddable":true,"href":"https:\/\/www.pcnen.com\/portal\/wp-json\/wp\/v2\/comments?post=404836"}],"version-history":[{"count":1,"href":"https:\/\/www.pcnen.com\/portal\/wp-json\/wp\/v2\/posts\/404836\/revisions"}],"predecessor-version":[{"id":404840,"href":"https:\/\/www.pcnen.com\/portal\/wp-json\/wp\/v2\/posts\/404836\/revisions\/404840"}],"wp:featuredmedia":[{"embeddable":true,"href":"https:\/\/www.pcnen.com\/portal\/wp-json\/wp\/v2\/media\/404839"}],"wp:attachment":[{"href":"https:\/\/www.pcnen.com\/portal\/wp-json\/wp\/v2\/media?parent=404836"}],"wp:term":[{"taxonomy":"category","embeddable":true,"href":"https:\/\/www.pcnen.com\/portal\/wp-json\/wp\/v2\/categories?post=404836"},{"taxonomy":"post_tag","embeddable":true,"href":"https:\/\/www.pcnen.com\/portal\/wp-json\/wp\/v2\/tags?post=404836"}],"curies":[{"name":"wp","href":"https:\/\/api.w.org\/{rel}","templated":true}]}}