{"id":404818,"date":"2024-06-17T14:32:43","date_gmt":"2024-06-17T12:32:43","guid":{"rendered":"https:\/\/www.pcnen.com\/portal\/?p=404818"},"modified":"2024-06-17T14:32:43","modified_gmt":"2024-06-17T12:32:43","slug":"ombudsman-neprihvatljiv-govor-kovacevica","status":"publish","type":"post","link":"https:\/\/www.pcnen.com\/portal\/2024\/06\/17\/ombudsman-neprihvatljiv-govor-kovacevica\/","title":{"rendered":"Ombudsman: Neprihvatljiv govor Kova\u010devi\u0107a"},"content":{"rendered":"<p>Za\u0161titnik ljudskih prava i sloboda Crne Gore Sini\u0161a Bjekovi\u0107 osu\u0111uje neprimjeren i neprihvatljiv govor predsjednika Op\u0161tine Nik\u0161i\u0107, Marka Kova\u010devi\u0107a, kojim podsti\u010de netoleranciju, netrpeljivost i nelagodu.<\/p>\n<p>&#8220;Obra\u0107anje nosilaca javnih funkcija treba biti odmjereno, utemeljeno na \u010dinjenicama i usmjereno na prevazila\u017eenje podjela i mr\u017enje.<\/p>\n<p>Govor gospodina Kova\u010devi\u0107a ni u kom kontekstu ne doprinosi pomirenju i smanjivanju tenzija i socijalne distance koja je, prema relevantnim istra\u017eivanjima, jo\u0161 uvijek prisutna u Crnoj Gori.<\/p>\n<p>Sloboda govora kao jedna od najve\u0107ih vrijednosti demokratskog dru\u0161tva ne smije se zloupotrebljavati na \u0161tetu prava i sloboda drugih. Podsje\u0107amo da zloupotreba ove slobode kroz govor mr\u017enje ne mo\u017ee u\u017eivati za\u0161titu&#8221;, saop\u0161tila je\u00a0Institucija Za\u0161titnika ljudskih prava i sloboda Crne Gore.<\/p>\n<blockquote class=\"wp-embedded-content\" data-secret=\"Em5OGfP08t\"><p><a href=\"https:\/\/www.pcnen.com\/portal\/2024\/06\/16\/kovacevic-sa-onima-koji-nece-kao-braca-postupacemo-kao-prema-turcima-video\/\">Kova\u010devi\u0107: Sa onima koji ne\u0107e kao bra\u0107a, postupa\u0107emo kao prema Turcima (video)<\/a><\/p><\/blockquote>\n<p><iframe loading=\"lazy\" class=\"wp-embedded-content\" sandbox=\"allow-scripts\" security=\"restricted\" style=\"position: absolute; clip: rect(1px, 1px, 1px, 1px);\" title=\"&#8220;Kova\u010devi\u0107: Sa onima koji ne\u0107e kao bra\u0107a, postupa\u0107emo kao prema Turcima (video)&#8221; &#8212; PCNEN\" src=\"https:\/\/www.pcnen.com\/portal\/2024\/06\/16\/kovacevic-sa-onima-koji-nece-kao-braca-postupacemo-kao-prema-turcima-video\/embed\/#?secret=cJMqtM5Pcp#?secret=Em5OGfP08t\" data-secret=\"Em5OGfP08t\" width=\"600\" height=\"338\" frameborder=\"0\" marginwidth=\"0\" marginheight=\"0\" scrolling=\"no\"><\/iframe><\/p>\n","protected":false},"excerpt":{"rendered":"<p>Za\u0161titnik ljudskih prava i sloboda Crne Gore Sini\u0161a Bjekovi\u0107 osu\u0111uje neprimjeren i neprihvatljiv govor predsjednika Op\u0161tine Nik\u0161i\u0107, Marka Kova\u010devi\u0107a, kojim podsti\u010de netoleranciju, netrpeljivost i nelagodu.\u00a0<\/p>\n","protected":false},"author":1,"featured_media":351172,"comment_status":"open","ping_status":"closed","sticky":false,"template":"","format":"standard","meta":{"_seopress_robots_primary_cat":"none","_seopress_titles_title":"","_seopress_titles_desc":"","_seopress_robots_index":"","_et_pb_use_builder":"","_et_pb_old_content":"","_et_gb_content_width":"","inline_featured_image":false,"footnotes":""},"categories":[14],"tags":[],"class_list":["post-404818","post","type-post","status-publish","format-standard","has-post-thumbnail","hentry","category-vijesti"],"_links":{"self":[{"href":"https:\/\/www.pcnen.com\/portal\/wp-json\/wp\/v2\/posts\/404818","targetHints":{"allow":["GET"]}}],"collection":[{"href":"https:\/\/www.pcnen.com\/portal\/wp-json\/wp\/v2\/posts"}],"about":[{"href":"https:\/\/www.pcnen.com\/portal\/wp-json\/wp\/v2\/types\/post"}],"author":[{"embeddable":true,"href":"https:\/\/www.pcnen.com\/portal\/wp-json\/wp\/v2\/users\/1"}],"replies":[{"embeddable":true,"href":"https:\/\/www.pcnen.com\/portal\/wp-json\/wp\/v2\/comments?post=404818"}],"version-history":[{"count":1,"href":"https:\/\/www.pcnen.com\/portal\/wp-json\/wp\/v2\/posts\/404818\/revisions"}],"predecessor-version":[{"id":404821,"href":"https:\/\/www.pcnen.com\/portal\/wp-json\/wp\/v2\/posts\/404818\/revisions\/404821"}],"wp:featuredmedia":[{"embeddable":true,"href":"https:\/\/www.pcnen.com\/portal\/wp-json\/wp\/v2\/media\/351172"}],"wp:attachment":[{"href":"https:\/\/www.pcnen.com\/portal\/wp-json\/wp\/v2\/media?parent=404818"}],"wp:term":[{"taxonomy":"category","embeddable":true,"href":"https:\/\/www.pcnen.com\/portal\/wp-json\/wp\/v2\/categories?post=404818"},{"taxonomy":"post_tag","embeddable":true,"href":"https:\/\/www.pcnen.com\/portal\/wp-json\/wp\/v2\/tags?post=404818"}],"curies":[{"name":"wp","href":"https:\/\/api.w.org\/{rel}","templated":true}]}}