{"id":404798,"date":"2024-06-17T11:14:17","date_gmt":"2024-06-17T09:14:17","guid":{"rendered":"https:\/\/www.pcnen.com\/portal\/?p=404798"},"modified":"2024-06-17T11:14:17","modified_gmt":"2024-06-17T09:14:17","slug":"vdt-formiralo-predmet-zbog-kovaceviceve-izjave","status":"publish","type":"post","link":"https:\/\/www.pcnen.com\/portal\/2024\/06\/17\/vdt-formiralo-predmet-zbog-kovaceviceve-izjave\/","title":{"rendered":"VDT formiralo predmet zbog Kova\u010devi\u0107eve izjave"},"content":{"rendered":"<p>Vi\u0161e dr\u017eavno tu\u017eila\u0161tvo (VDT) u Podgorici formiralo je predmet povodom govora predsjednika Op\u0161tine Nik\u0161i\u0107, saop\u0161teno je medijima iz podgori\u010dkog VDT-a.<\/p>\n<p>&#8220;Vi\u0161e dr\u017eavno tu\u017eila\u0161tvo u Podgorici formiralo je predmet povodom govora predsjednika Op\u0161tine Nik\u0161i\u0107, M.K., i od strane tu\u017eila\u0161tva dat je nalog Upravi policije da od istog prikupi potrebna obavje\u0161tenja, a po potrebi preduze\u0107e se i druge mjere i radnje, te nakon dostavljanja svih prikupljenih dokaza i podataka, izvr\u0161i\u0107e se svestrana analiza istih, u cilju ocjene da li se u konkretnom govoru sti\u010du elementi bi\u0107a krivi\u010dnog djela iz nadle\u017enosti ovog tu\u017eila\u0161tva, nakon \u010dega \u0107e biti donijeta odluka u predmetu&#8221;,\u00a0 saop\u0161teno je iz Vi\u0161eg dr\u017eavnog tu\u017eila\u0161tva.<\/p>\n<p>Op\u0161tine Nik\u0161i\u0107 Marko Kova\u010devi\u0107 izazvao je reakcije nakon \u0161to je na obilje\u017eavanju 166 godina od Grahovske bitke rekao da \u201eako ne\u0107e da budemo bra\u0107a, onda \u0107emo prema njima u budu\u0107nosti kao prema Turcima postupati\u201c.<\/p>\n<blockquote class=\"wp-embedded-content\" data-secret=\"dUBlQQ7MAf\"><p><a href=\"https:\/\/www.pcnen.com\/portal\/2024\/06\/16\/kovacevic-sa-onima-koji-nece-kao-braca-postupacemo-kao-prema-turcima-video\/\">Kova\u010devi\u0107: Sa onima koji ne\u0107e kao bra\u0107a, postupa\u0107emo kao prema Turcima (video)<\/a><\/p><\/blockquote>\n<p><iframe loading=\"lazy\" class=\"wp-embedded-content\" sandbox=\"allow-scripts\" security=\"restricted\" style=\"position: absolute; clip: rect(1px, 1px, 1px, 1px);\" title=\"&#8220;Kova\u010devi\u0107: Sa onima koji ne\u0107e kao bra\u0107a, postupa\u0107emo kao prema Turcima (video)&#8221; &#8212; PCNEN\" src=\"https:\/\/www.pcnen.com\/portal\/2024\/06\/16\/kovacevic-sa-onima-koji-nece-kao-braca-postupacemo-kao-prema-turcima-video\/embed\/#?secret=oFE6lrRu0G#?secret=dUBlQQ7MAf\" data-secret=\"dUBlQQ7MAf\" width=\"600\" height=\"338\" frameborder=\"0\" marginwidth=\"0\" marginheight=\"0\" scrolling=\"no\"><\/iframe><\/p>\n","protected":false},"excerpt":{"rendered":"<p>Vi\u0161e dr\u017eavno tu\u017eila\u0161tvo (VDT) u Podgorici formiralo je predmet povodom govora predsjednika Op\u0161tine Nik\u0161i\u0107, saop\u0161teno je medijima iz podgori\u010dkog VDT-a.<\/p>\n","protected":false},"author":1,"featured_media":275978,"comment_status":"open","ping_status":"closed","sticky":false,"template":"","format":"standard","meta":{"_seopress_robots_primary_cat":"none","_seopress_titles_title":"","_seopress_titles_desc":"","_seopress_robots_index":"","_et_pb_use_builder":"","_et_pb_old_content":"","_et_gb_content_width":"","inline_featured_image":false,"footnotes":""},"categories":[14],"tags":[],"class_list":["post-404798","post","type-post","status-publish","format-standard","has-post-thumbnail","hentry","category-vijesti"],"_links":{"self":[{"href":"https:\/\/www.pcnen.com\/portal\/wp-json\/wp\/v2\/posts\/404798","targetHints":{"allow":["GET"]}}],"collection":[{"href":"https:\/\/www.pcnen.com\/portal\/wp-json\/wp\/v2\/posts"}],"about":[{"href":"https:\/\/www.pcnen.com\/portal\/wp-json\/wp\/v2\/types\/post"}],"author":[{"embeddable":true,"href":"https:\/\/www.pcnen.com\/portal\/wp-json\/wp\/v2\/users\/1"}],"replies":[{"embeddable":true,"href":"https:\/\/www.pcnen.com\/portal\/wp-json\/wp\/v2\/comments?post=404798"}],"version-history":[{"count":1,"href":"https:\/\/www.pcnen.com\/portal\/wp-json\/wp\/v2\/posts\/404798\/revisions"}],"predecessor-version":[{"id":404801,"href":"https:\/\/www.pcnen.com\/portal\/wp-json\/wp\/v2\/posts\/404798\/revisions\/404801"}],"wp:featuredmedia":[{"embeddable":true,"href":"https:\/\/www.pcnen.com\/portal\/wp-json\/wp\/v2\/media\/275978"}],"wp:attachment":[{"href":"https:\/\/www.pcnen.com\/portal\/wp-json\/wp\/v2\/media?parent=404798"}],"wp:term":[{"taxonomy":"category","embeddable":true,"href":"https:\/\/www.pcnen.com\/portal\/wp-json\/wp\/v2\/categories?post=404798"},{"taxonomy":"post_tag","embeddable":true,"href":"https:\/\/www.pcnen.com\/portal\/wp-json\/wp\/v2\/tags?post=404798"}],"curies":[{"name":"wp","href":"https:\/\/api.w.org\/{rel}","templated":true}]}}