{"id":404794,"date":"2024-06-17T11:06:59","date_gmt":"2024-06-17T09:06:59","guid":{"rendered":"https:\/\/www.pcnen.com\/portal\/?p=404794"},"modified":"2024-06-17T11:06:59","modified_gmt":"2024-06-17T09:06:59","slug":"nsd-izvinjenje-onima-koji-su-u-kovacevicevim-rijecima-pronasli-ono-cega-nema","status":"publish","type":"post","link":"https:\/\/www.pcnen.com\/portal\/2024\/06\/17\/nsd-izvinjenje-onima-koji-su-u-kovacevicevim-rijecima-pronasli-ono-cega-nema\/","title":{"rendered":"NSD: Izvinjenje onima koji su u Kova\u010devi\u0107evim rije\u010dima prona\u0161li ono \u010dega nema"},"content":{"rendered":"<p>Nova srpska demokratija (NSD) izvinila se, kako ka\u017eu, &#8220;svima onima koji su u Markovim rije\u010dima prona\u0161li ono \u010dega nema, na \u0161ta on nije mislio i \u010dega nije bilo i onima koji su u tim rije\u010dima upravo \u017eeljeli da prona\u0111u ono \u0161to \u017eele da ospore i koje su te rije\u010di, namjerene da ohrabre pomirenjem, donijele du\u0161evnu bol&#8221;. Ovo su poru\u010dili iz te partije povodom govora prvog \u010dovjeka Op\u0161tine Nik\u0161i\u0107 Marka Kova\u010devi\u0107a na obilje\u017eavanju godi\u0161njice bitke na Grahovcu.<br \/>\n\u201cVjerovatno je svima \u010dudno da govor potpredsjednika NSD i predsjednika Op\u0161tine Nik\u0161i\u0107 Marka Kova\u010devi\u0107a, koji je izre\u010den u \u010detvrtak, postaje glavna medijska tema u nedelju i to ba\u0161 na Kurban bajram, praznik svih muslimana svijeta i na dan kada je Crnu Goru posjetio koordinator Stejt departmenta za borbu protiv korupcije Ri\u010dard Nefju, koji je tom prilikom razgovarao sa SDT-om vezano za borbu protiv visoke korupcije\u201d, naveli su iz NSD-a u saop\u0161tenju.<\/p>\n<p>Nije te\u0161ko zaklju\u010diti, prema njihovim rije\u010dima, da je ta \u201cvisoka korupcija vezana za biv\u0161i re\u017eim\u201d.<\/p>\n<p>\u201cKoji o\u010digledno, jo\u0161 uvijek, mo\u017ee da usmjerava medijsku scenu i da jednom temom koja se desila danima ranije preklopi taj va\u017ean susret SDT-a i koordinatora Stejt departmenta. Osim toga, ju\u010de je u na\u0161u dr\u017eavu doputovao i predsjednik Bugarske, g. Rumen Radev koji je u crnogorskim medijima prosto sporedno pozicioniran zbog nekolike re\u010denice iz govora potpredsjednika NSD i predsjednika Op\u0161tine Nik\u0161i\u0107 Marka Kova\u010devi\u0107a\u201d, dodaju iz partije.<\/p>\n<p>NSD se, kako ka\u017eu, ovim putem izvinjava svima onima koji su u \u201cMarkovim rije\u010dima prona\u0161li ono \u010dega nema\u201d.<\/p>\n<p>\u201cNa \u0161ta on nije mislio i \u010dega nije bilo i onima koji su u tim rije\u010dima upravo \u017eeljeli da prona\u0111u ono \u0161to \u017eele da ospore i koje su te rije\u010di, namjerene da ohrabre pomirenjem, donijele du\u0161evnu bol. Neka svako radi svoj posao, dr\u017eavne institucije, mediji, politi\u010dari, ali bi bilo dobro da koncentracija medijske javnosti bude na onim glavnim, umjesto na sporednim temama koje slu\u017ee isklju\u010divo za targetiranje onih koji su ponajbolji u svom poslu poput Marka Kova\u010devi\u0107a\u201d, zaklju\u010duju iz partije<\/p>\n<p>&nbsp;<\/p>\n<blockquote class=\"wp-embedded-content\" data-secret=\"kTCUATHdcN\"><p><a href=\"https:\/\/www.pcnen.com\/portal\/2024\/06\/16\/kovacevic-sa-onima-koji-nece-kao-braca-postupacemo-kao-prema-turcima-video\/\">Kova\u010devi\u0107: Sa onima koji ne\u0107e kao bra\u0107a, postupa\u0107emo kao prema Turcima (video)<\/a><\/p><\/blockquote>\n<p><iframe loading=\"lazy\" class=\"wp-embedded-content\" sandbox=\"allow-scripts\" security=\"restricted\" style=\"position: absolute; clip: rect(1px, 1px, 1px, 1px);\" title=\"&#8220;Kova\u010devi\u0107: Sa onima koji ne\u0107e kao bra\u0107a, postupa\u0107emo kao prema Turcima (video)&#8221; &#8212; PCNEN\" src=\"https:\/\/www.pcnen.com\/portal\/2024\/06\/16\/kovacevic-sa-onima-koji-nece-kao-braca-postupacemo-kao-prema-turcima-video\/embed\/#?secret=r4nK3REXBe#?secret=kTCUATHdcN\" data-secret=\"kTCUATHdcN\" width=\"600\" height=\"338\" frameborder=\"0\" marginwidth=\"0\" marginheight=\"0\" scrolling=\"no\"><\/iframe><\/p>\n","protected":false},"excerpt":{"rendered":"<p>Nova srpska demokratija (NSD) izvinila se, kako ka\u017eu, &#8220;svima onima koji su u Markovim rije\u010dima prona\u0161li ono \u010dega nema, na \u0161ta on nije mislio i \u010dega nije bilo i onima koji su u tim rije\u010dima upravo \u017eeljeli da prona\u0111u ono \u0161to \u017eele da ospore i koje su te rije\u010di, namjerene da ohrabre pomirenjem, donijele du\u0161evnu [&hellip;]<\/p>\n","protected":false},"author":1,"featured_media":303461,"comment_status":"open","ping_status":"closed","sticky":false,"template":"","format":"standard","meta":{"_seopress_robots_primary_cat":"none","_seopress_titles_title":"","_seopress_titles_desc":"","_seopress_robots_index":"","_et_pb_use_builder":"","_et_pb_old_content":"","_et_gb_content_width":"","inline_featured_image":false,"footnotes":""},"categories":[14],"tags":[],"class_list":["post-404794","post","type-post","status-publish","format-standard","has-post-thumbnail","hentry","category-vijesti"],"_links":{"self":[{"href":"https:\/\/www.pcnen.com\/portal\/wp-json\/wp\/v2\/posts\/404794","targetHints":{"allow":["GET"]}}],"collection":[{"href":"https:\/\/www.pcnen.com\/portal\/wp-json\/wp\/v2\/posts"}],"about":[{"href":"https:\/\/www.pcnen.com\/portal\/wp-json\/wp\/v2\/types\/post"}],"author":[{"embeddable":true,"href":"https:\/\/www.pcnen.com\/portal\/wp-json\/wp\/v2\/users\/1"}],"replies":[{"embeddable":true,"href":"https:\/\/www.pcnen.com\/portal\/wp-json\/wp\/v2\/comments?post=404794"}],"version-history":[{"count":1,"href":"https:\/\/www.pcnen.com\/portal\/wp-json\/wp\/v2\/posts\/404794\/revisions"}],"predecessor-version":[{"id":404797,"href":"https:\/\/www.pcnen.com\/portal\/wp-json\/wp\/v2\/posts\/404794\/revisions\/404797"}],"wp:featuredmedia":[{"embeddable":true,"href":"https:\/\/www.pcnen.com\/portal\/wp-json\/wp\/v2\/media\/303461"}],"wp:attachment":[{"href":"https:\/\/www.pcnen.com\/portal\/wp-json\/wp\/v2\/media?parent=404794"}],"wp:term":[{"taxonomy":"category","embeddable":true,"href":"https:\/\/www.pcnen.com\/portal\/wp-json\/wp\/v2\/categories?post=404794"},{"taxonomy":"post_tag","embeddable":true,"href":"https:\/\/www.pcnen.com\/portal\/wp-json\/wp\/v2\/tags?post=404794"}],"curies":[{"name":"wp","href":"https:\/\/api.w.org\/{rel}","templated":true}]}}