{"id":404734,"date":"2024-06-16T18:45:39","date_gmt":"2024-06-16T16:45:39","guid":{"rendered":"https:\/\/www.pcnen.com\/portal\/?p=404734"},"modified":"2024-06-16T18:47:52","modified_gmt":"2024-06-16T16:47:52","slug":"kovacevic-nisam-pominjao-crnogorce-niti-bilo-koji-narod-u-negativnom-kontekstu","status":"publish","type":"post","link":"https:\/\/www.pcnen.com\/portal\/2024\/06\/16\/kovacevic-nisam-pominjao-crnogorce-niti-bilo-koji-narod-u-negativnom-kontekstu\/","title":{"rendered":"Kova\u010devi\u0107: Nisam pominjao Crnogorce niti bilo koji narod u negativnom kontekstu"},"content":{"rendered":"<p>Predsjednik Op\u0161tine Nik\u0161i\u0107 Marko Kova\u010devi\u0107 je rekao da nije pominjao Crnogorce niti bilo koji drugi narod u Crnoj Gori u negativnom kontekstu tokom govora na Grahovu.<\/p>\n<p>&#8220;Turke sam pomenuo u kontekstu pro\u0161losti i borbe koju su na\u0161i preci vodili prije svega da odbrane svoja ognji\u0161ta i da se oslobode od tada\u0161njeg jarma a nikako u kontekstu dana\u0161njih Turaka i odnosa sa Turskom&#8221;, napisao je Kova\u010devi\u0107 na Fejsbuku.<\/p>\n<blockquote class=\"wp-embedded-content\" data-secret=\"OZ1NtODe08\"><p><a href=\"https:\/\/www.pcnen.com\/portal\/2024\/06\/16\/kovacevic-sa-onima-koji-nece-kao-braca-postupacemo-kao-prema-turcima-video\/\">Kova\u010devi\u0107: Sa onima koji ne\u0107e kao bra\u0107a, postupa\u0107emo kao prema Turcima (video)<\/a><\/p><\/blockquote>\n<p><iframe loading=\"lazy\" class=\"wp-embedded-content\" sandbox=\"allow-scripts\" security=\"restricted\" style=\"position: absolute; clip: rect(1px, 1px, 1px, 1px);\" title=\"&#8220;Kova\u010devi\u0107: Sa onima koji ne\u0107e kao bra\u0107a, postupa\u0107emo kao prema Turcima (video)&#8221; &#8212; PCNEN\" src=\"https:\/\/www.pcnen.com\/portal\/2024\/06\/16\/kovacevic-sa-onima-koji-nece-kao-braca-postupacemo-kao-prema-turcima-video\/embed\/#?secret=St0sKXP3Mb#?secret=OZ1NtODe08\" data-secret=\"OZ1NtODe08\" width=\"600\" height=\"338\" frameborder=\"0\" marginwidth=\"0\" marginheight=\"0\" scrolling=\"no\"><\/iframe><\/p>\n","protected":false},"excerpt":{"rendered":"<p>Predsjednik Op\u0161tine Nik\u0161i\u0107 Marko Kova\u010devi\u0107 je rekao da nije pominjao Crnogorce niti bilo koji drugi narod u Crnoj Gori u negativnom kontekstu tokom govora na Grahovu.<\/p>\n","protected":false},"author":1,"featured_media":349966,"comment_status":"open","ping_status":"closed","sticky":false,"template":"","format":"standard","meta":{"_seopress_robots_primary_cat":"none","_seopress_titles_title":"","_seopress_titles_desc":"","_seopress_robots_index":"","_et_pb_use_builder":"","_et_pb_old_content":"","_et_gb_content_width":"","inline_featured_image":false,"footnotes":""},"categories":[14],"tags":[],"class_list":["post-404734","post","type-post","status-publish","format-standard","has-post-thumbnail","hentry","category-vijesti"],"_links":{"self":[{"href":"https:\/\/www.pcnen.com\/portal\/wp-json\/wp\/v2\/posts\/404734","targetHints":{"allow":["GET"]}}],"collection":[{"href":"https:\/\/www.pcnen.com\/portal\/wp-json\/wp\/v2\/posts"}],"about":[{"href":"https:\/\/www.pcnen.com\/portal\/wp-json\/wp\/v2\/types\/post"}],"author":[{"embeddable":true,"href":"https:\/\/www.pcnen.com\/portal\/wp-json\/wp\/v2\/users\/1"}],"replies":[{"embeddable":true,"href":"https:\/\/www.pcnen.com\/portal\/wp-json\/wp\/v2\/comments?post=404734"}],"version-history":[{"count":3,"href":"https:\/\/www.pcnen.com\/portal\/wp-json\/wp\/v2\/posts\/404734\/revisions"}],"predecessor-version":[{"id":404739,"href":"https:\/\/www.pcnen.com\/portal\/wp-json\/wp\/v2\/posts\/404734\/revisions\/404739"}],"wp:featuredmedia":[{"embeddable":true,"href":"https:\/\/www.pcnen.com\/portal\/wp-json\/wp\/v2\/media\/349966"}],"wp:attachment":[{"href":"https:\/\/www.pcnen.com\/portal\/wp-json\/wp\/v2\/media?parent=404734"}],"wp:term":[{"taxonomy":"category","embeddable":true,"href":"https:\/\/www.pcnen.com\/portal\/wp-json\/wp\/v2\/categories?post=404734"},{"taxonomy":"post_tag","embeddable":true,"href":"https:\/\/www.pcnen.com\/portal\/wp-json\/wp\/v2\/tags?post=404734"}],"curies":[{"name":"wp","href":"https:\/\/api.w.org\/{rel}","templated":true}]}}