{"id":404726,"date":"2024-06-16T17:43:15","date_gmt":"2024-06-16T15:43:15","guid":{"rendered":"https:\/\/www.pcnen.com\/portal\/?p=404726"},"modified":"2024-06-16T17:45:07","modified_gmt":"2024-06-16T15:45:07","slug":"spajic-kovaceviceva-izjava-nema-opravdanje","status":"publish","type":"post","link":"https:\/\/www.pcnen.com\/portal\/2024\/06\/16\/spajic-kovaceviceva-izjava-nema-opravdanje\/","title":{"rendered":"Spaji\u0107: Kova\u010devi\u0107eva izjava nema opravdanje"},"content":{"rendered":"<p>Premijer Milojko Spaji\u0107 kazao je kako &#8220;najo\u0161trije osu\u0111uju&#8221; govor Marka Kova\u010devi\u0107a sa Grahovca.<\/p>\n<p>&#8220;Svi, a posebno mladi ljudi bi trebalo da budu okrenuti budu\u0107nosti i pomirenju&#8221;, napisao je Spaji\u0107 na X mre\u017ei.<\/p>\n<p>Pozvao je nadle\u017ene da &#8220;utvrde sve \u010dinjenice i okolnosti&#8221;.<\/p>\n<p>&#8220;Nadamo se da \u0107e izvinjenje i obja\u0161njenje brzo uslijediti, ali u svakom slu\u010daju ovo je u\u017easna izjava za koju nema opravdanja&#8221;, dodao je on.<\/p>\n<blockquote class=\"twitter-tweet\">\n<p dir=\"ltr\" lang=\"und\">Najo\u0161trije osu\u0111ujemo govor predsjednika op\u0161tine Nik\u0161i\u0107, koji smo mogli \u010duti na dru\u0161tvenim mre\u017eama. Svi, a posebno mladi ljudi bi trebalo da budu okrenuti budu\u0107nosti i pomirenju! Pozivamo nadle\u017ene organe da utvrde sve \u010dinjenice i okolnosti. Nadamo se da \u0107e izvinjenje i obja\u0161njenje\u2026<\/p>\n<p>\u2014 Milojko Spaji\u0107 (@MickeySpajic) <a href=\"https:\/\/twitter.com\/MickeySpajic\/status\/1802362015358308649?ref_src=twsrc%5Etfw\">June 16, 2024<\/a><\/p><\/blockquote>\n<p><script async src=\"https:\/\/platform.twitter.com\/widgets.js\" charset=\"utf-8\"><\/script><\/p>\n<blockquote class=\"wp-embedded-content\" data-secret=\"l8kAr4X9Zn\"><p><a href=\"https:\/\/www.pcnen.com\/portal\/2024\/06\/16\/kovacevic-sa-onima-koji-nece-kao-braca-postupacemo-kao-prema-turcima-video\/\">Kova\u010devi\u0107: Sa onima koji ne\u0107e kao bra\u0107a, postupa\u0107emo kao prema Turcima (video)<\/a><\/p><\/blockquote>\n<p><iframe loading=\"lazy\" class=\"wp-embedded-content\" sandbox=\"allow-scripts\" security=\"restricted\" style=\"position: absolute; clip: rect(1px, 1px, 1px, 1px);\" title=\"&#8220;Kova\u010devi\u0107: Sa onima koji ne\u0107e kao bra\u0107a, postupa\u0107emo kao prema Turcima (video)&#8221; &#8212; PCNEN\" src=\"https:\/\/www.pcnen.com\/portal\/2024\/06\/16\/kovacevic-sa-onima-koji-nece-kao-braca-postupacemo-kao-prema-turcima-video\/embed\/#?secret=y1D4utFmye#?secret=l8kAr4X9Zn\" data-secret=\"l8kAr4X9Zn\" width=\"600\" height=\"338\" frameborder=\"0\" marginwidth=\"0\" marginheight=\"0\" scrolling=\"no\"><\/iframe><\/p>\n","protected":false},"excerpt":{"rendered":"<p>Premijer Milojko Spaji\u0107 kazao je kako &#8220;najo\u0161trije osu\u0111uju&#8221; govor Marka Kova\u010devi\u0107a sa Grahovca.<\/p>\n","protected":false},"author":1,"featured_media":388781,"comment_status":"open","ping_status":"closed","sticky":false,"template":"","format":"standard","meta":{"_seopress_robots_primary_cat":"none","_seopress_titles_title":"","_seopress_titles_desc":"","_seopress_robots_index":"","_et_pb_use_builder":"","_et_pb_old_content":"","_et_gb_content_width":"","inline_featured_image":false,"footnotes":""},"categories":[14],"tags":[],"class_list":["post-404726","post","type-post","status-publish","format-standard","has-post-thumbnail","hentry","category-vijesti"],"_links":{"self":[{"href":"https:\/\/www.pcnen.com\/portal\/wp-json\/wp\/v2\/posts\/404726","targetHints":{"allow":["GET"]}}],"collection":[{"href":"https:\/\/www.pcnen.com\/portal\/wp-json\/wp\/v2\/posts"}],"about":[{"href":"https:\/\/www.pcnen.com\/portal\/wp-json\/wp\/v2\/types\/post"}],"author":[{"embeddable":true,"href":"https:\/\/www.pcnen.com\/portal\/wp-json\/wp\/v2\/users\/1"}],"replies":[{"embeddable":true,"href":"https:\/\/www.pcnen.com\/portal\/wp-json\/wp\/v2\/comments?post=404726"}],"version-history":[{"count":5,"href":"https:\/\/www.pcnen.com\/portal\/wp-json\/wp\/v2\/posts\/404726\/revisions"}],"predecessor-version":[{"id":404733,"href":"https:\/\/www.pcnen.com\/portal\/wp-json\/wp\/v2\/posts\/404726\/revisions\/404733"}],"wp:featuredmedia":[{"embeddable":true,"href":"https:\/\/www.pcnen.com\/portal\/wp-json\/wp\/v2\/media\/388781"}],"wp:attachment":[{"href":"https:\/\/www.pcnen.com\/portal\/wp-json\/wp\/v2\/media?parent=404726"}],"wp:term":[{"taxonomy":"category","embeddable":true,"href":"https:\/\/www.pcnen.com\/portal\/wp-json\/wp\/v2\/categories?post=404726"},{"taxonomy":"post_tag","embeddable":true,"href":"https:\/\/www.pcnen.com\/portal\/wp-json\/wp\/v2\/tags?post=404726"}],"curies":[{"name":"wp","href":"https:\/\/api.w.org\/{rel}","templated":true}]}}