{"id":404684,"date":"2024-06-15T21:42:17","date_gmt":"2024-06-15T19:42:17","guid":{"rendered":"https:\/\/www.pcnen.com\/portal\/?p=404684"},"modified":"2024-06-15T21:42:17","modified_gmt":"2024-06-15T19:42:17","slug":"suncano-do-32-stepena-9","status":"publish","type":"post","link":"https:\/\/www.pcnen.com\/portal\/2024\/06\/15\/suncano-do-32-stepena-9\/","title":{"rendered":"Sun\u010dano, do 32 stepena"},"content":{"rendered":"<p>U nedjelju \u0107e u Crnoj Gori biti prete\u017eno sun\u010dano uz visoku obla\u010dnost.<\/p>\n<p>Ujutro, na sjeveru po kotlinama mogu\u0107a je kratkotrajno magla, a u popodnevnim satima, u planinskim oblastima, ponegdje kratkotrajna nestabilnost.<\/p>\n<p>Vjetar slab do umjeren, naj\u010de\u0161\u0107e \u0107e biti ju\u017eni.<\/p>\n<p>Jutarnja temperatura vazduha kreta\u0107e se od 8 do 20, najvi\u0161a dnevna od 23 do 32 stepena.<br \/>\nU Podgorici \u0107e biti sun\u010dano, uz povremeno malu i umjerenu obla\u010dnost.<\/p>\n<p>Jutarnja temperatura vazduha bi\u0107e oko 19, najvi\u0161a dnevna 32 stepena.<\/p>\n","protected":false},"excerpt":{"rendered":"<p>U nedjelju \u0107e u Crnoj Gori biti prete\u017eno sun\u010dano uz visoku obla\u010dnost.<\/p>\n","protected":false},"author":1,"featured_media":404687,"comment_status":"open","ping_status":"closed","sticky":false,"template":"","format":"standard","meta":{"_seopress_robots_primary_cat":"none","_seopress_titles_title":"","_seopress_titles_desc":"","_seopress_robots_index":"","_et_pb_use_builder":"","_et_pb_old_content":"","_et_gb_content_width":"","inline_featured_image":false,"footnotes":""},"categories":[14],"tags":[],"class_list":["post-404684","post","type-post","status-publish","format-standard","has-post-thumbnail","hentry","category-vijesti"],"_links":{"self":[{"href":"https:\/\/www.pcnen.com\/portal\/wp-json\/wp\/v2\/posts\/404684","targetHints":{"allow":["GET"]}}],"collection":[{"href":"https:\/\/www.pcnen.com\/portal\/wp-json\/wp\/v2\/posts"}],"about":[{"href":"https:\/\/www.pcnen.com\/portal\/wp-json\/wp\/v2\/types\/post"}],"author":[{"embeddable":true,"href":"https:\/\/www.pcnen.com\/portal\/wp-json\/wp\/v2\/users\/1"}],"replies":[{"embeddable":true,"href":"https:\/\/www.pcnen.com\/portal\/wp-json\/wp\/v2\/comments?post=404684"}],"version-history":[{"count":1,"href":"https:\/\/www.pcnen.com\/portal\/wp-json\/wp\/v2\/posts\/404684\/revisions"}],"predecessor-version":[{"id":404688,"href":"https:\/\/www.pcnen.com\/portal\/wp-json\/wp\/v2\/posts\/404684\/revisions\/404688"}],"wp:featuredmedia":[{"embeddable":true,"href":"https:\/\/www.pcnen.com\/portal\/wp-json\/wp\/v2\/media\/404687"}],"wp:attachment":[{"href":"https:\/\/www.pcnen.com\/portal\/wp-json\/wp\/v2\/media?parent=404684"}],"wp:term":[{"taxonomy":"category","embeddable":true,"href":"https:\/\/www.pcnen.com\/portal\/wp-json\/wp\/v2\/categories?post=404684"},{"taxonomy":"post_tag","embeddable":true,"href":"https:\/\/www.pcnen.com\/portal\/wp-json\/wp\/v2\/tags?post=404684"}],"curies":[{"name":"wp","href":"https:\/\/api.w.org\/{rel}","templated":true}]}}