{"id":404679,"date":"2024-06-15T19:36:56","date_gmt":"2024-06-15T17:36:56","guid":{"rendered":"https:\/\/www.pcnen.com\/portal\/?p=404679"},"modified":"2024-06-15T19:36:56","modified_gmt":"2024-06-15T17:36:56","slug":"sapic-beograd-nece-dati-saglasnost-za-festival-mirdita-dobar-dan","status":"publish","type":"post","link":"https:\/\/www.pcnen.com\/portal\/2024\/06\/15\/sapic-beograd-nece-dati-saglasnost-za-festival-mirdita-dobar-dan\/","title":{"rendered":"\u0160api\u0107: Beograd ne\u0107e dati saglasnost za festival &#8220;Mirdita, dobar dan&#8221;"},"content":{"rendered":"<p>Predsjednik Privremenog organa grada Beograda Aleksandar \u0160api\u0107 rekao je da Beograd sve dok je on na \u010delu srpske prijestonice ne\u0107e davati nikakvu saglasnost za odr\u017eavanje festivala &#8220;Mirdita, dobar dan&#8221; i da \u0107e svi prostori koje eventualno budu koristili isklju\u010divo biti privatni.<\/p>\n<p>\u0160api\u0107 je pozvao Vladu Srbije da dobro razmisli da li takve manifestacije treba dozvoljavati u Srbiji jer direktno podrivaju ustavnopravni poredak Srbije.<\/p>\n<p>On je pojasnio da Uprava grada nema zakonsku mogu\u0107nost da zabrani odr\u017eavanje festivala, ali ni na jedan na\u010din ne\u0107e dozvoliti da bilo \u0161ta \u0161to ima veza sa gradom Beogradom njima bude na usluzi.<\/p>\n<p>\u0160api\u0107 je istakao da je izri\u010dito protiv odr\u017eavanja festivala &#8220;Mirdita, dobar dan&#8221; koji godinama unazad &#8220;direktno falsifikuje i mijenja istoriju kroz promovisanje takozvanog kosovskog kulturnog naslje\u0111a izuzimaju\u0107i \u010dinjenicu da je ono srpsko&#8221;, prenosi Srna.<\/p>\n<p>\u201cTime organizatori festivala dovode u pitanje suverenitet i teritorijalni integritet Srbije\u201d, rekao je \u0160api\u0107 i naglasio da su organizatori ovoga puta oti\u0161li i korak dalje i isti festival zakazali ba\u0161 na Vidovdan &#8211; 28. juna &#8220;guraju\u0107i direktno prst u oko&#8221; cijelom srpskom narodu i srpskoj dr\u017eavi.<\/p>\n<p>Albanci, prema njegovim rije\u010dima, sve vrijeme, pod okriljem kulturnog djelovanja, direktno dovode u pitanje kulturno i istorijsko naslje\u0111e Srbije i srpskog naroda.<\/p>\n<p>\u201cPri tom, prije samo par mjeseci, pri\u0161tinske vlasti nisu dozvolile na\u0161em glumcu Nenadu \u0408ezdi\u0107u da igra monodramu Knjiga o Milutinu na teritoriji Kosova i Metohije, na teritoriji na\u0161e dr\u017eave, a mi i na to treba da zatvorimo o\u010di i da ih ovdje valjda do\u010dekamo &#8220;aplauzima&#8221;, rekao je \u0160api\u0107, saop\u0161tio je Beoinfo.<\/p>\n<p>Festival &#8220;Mirdita, dobar dan&#8221;, planiran je da bude odr\u017ean u Beogradu od 27. do 29. juna, a odr\u017eava se od 2014. godine.<\/p>\n","protected":false},"excerpt":{"rendered":"<p>Predsjednik Privremenog organa grada Beograda Aleksandar \u0160api\u0107 rekao je da Beograd sve dok je on na \u010delu srpske prijestonice ne\u0107e davati nikakvu saglasnost za odr\u017eavanje festivala &#8220;Mirdita, dobar dan&#8221; i da \u0107e svi prostori koje eventualno budu koristili isklju\u010divo biti privatni.<\/p>\n","protected":false},"author":1,"featured_media":404683,"comment_status":"open","ping_status":"closed","sticky":false,"template":"","format":"standard","meta":{"_seopress_robots_primary_cat":"none","_seopress_titles_title":"","_seopress_titles_desc":"","_seopress_robots_index":"","_et_pb_use_builder":"","_et_pb_old_content":"","_et_gb_content_width":"","inline_featured_image":false,"footnotes":""},"categories":[14],"tags":[],"class_list":["post-404679","post","type-post","status-publish","format-standard","has-post-thumbnail","hentry","category-vijesti"],"_links":{"self":[{"href":"https:\/\/www.pcnen.com\/portal\/wp-json\/wp\/v2\/posts\/404679","targetHints":{"allow":["GET"]}}],"collection":[{"href":"https:\/\/www.pcnen.com\/portal\/wp-json\/wp\/v2\/posts"}],"about":[{"href":"https:\/\/www.pcnen.com\/portal\/wp-json\/wp\/v2\/types\/post"}],"author":[{"embeddable":true,"href":"https:\/\/www.pcnen.com\/portal\/wp-json\/wp\/v2\/users\/1"}],"replies":[{"embeddable":true,"href":"https:\/\/www.pcnen.com\/portal\/wp-json\/wp\/v2\/comments?post=404679"}],"version-history":[{"count":1,"href":"https:\/\/www.pcnen.com\/portal\/wp-json\/wp\/v2\/posts\/404679\/revisions"}],"predecessor-version":[{"id":404682,"href":"https:\/\/www.pcnen.com\/portal\/wp-json\/wp\/v2\/posts\/404679\/revisions\/404682"}],"wp:featuredmedia":[{"embeddable":true,"href":"https:\/\/www.pcnen.com\/portal\/wp-json\/wp\/v2\/media\/404683"}],"wp:attachment":[{"href":"https:\/\/www.pcnen.com\/portal\/wp-json\/wp\/v2\/media?parent=404679"}],"wp:term":[{"taxonomy":"category","embeddable":true,"href":"https:\/\/www.pcnen.com\/portal\/wp-json\/wp\/v2\/categories?post=404679"},{"taxonomy":"post_tag","embeddable":true,"href":"https:\/\/www.pcnen.com\/portal\/wp-json\/wp\/v2\/tags?post=404679"}],"curies":[{"name":"wp","href":"https:\/\/api.w.org\/{rel}","templated":true}]}}