{"id":404673,"date":"2024-06-15T16:14:43","date_gmt":"2024-06-15T14:14:43","guid":{"rendered":"https:\/\/www.pcnen.com\/portal\/?p=404673"},"modified":"2024-06-15T19:25:16","modified_gmt":"2024-06-15T17:25:16","slug":"nato-u-oktobru-bira-novog-generalnog-sekretara-djukanovica-ne-pominju","status":"publish","type":"post","link":"https:\/\/www.pcnen.com\/portal\/2024\/06\/15\/nato-u-oktobru-bira-novog-generalnog-sekretara-djukanovica-ne-pominju\/","title":{"rendered":"NATO u oktobru bira novog generalnog sekretara, \u0110ukanovi\u0107a ne pominju"},"content":{"rendered":"<p>Predsjednik Rumunije Klaus Verner Johanis je najozbiljniji kandidat za zamjenika generalnog sekretara NATO-a, a biv\u0161eg crnogorskog predsjednika Mila \u0110ukanovi\u0107a niko nije pominjao, <a href=\"https:\/\/www.dan.co.me\/vijesti\/politika\/nato-u-oktobru-bira-novog-generalnog-sekretara-dukanovica-ne-pominju-u-igri-rumun-johanis-5244453\">saop\u0161teno je Danu iz vi\u0161e izvora iz te vojne alijanse<\/a>.<\/p>\n<p>O izboru generalnog sekretara i njegovog zamjenika pita\u0107e se i Crna Gora, jer se u NATO-u odluke donose konsenzusom, iako formalnih izbora za to mjesto nema, ve\u0107 se dr\u017eave \u010dlanice dogovaraju o \u010delnim funkcijama.<\/p>\n<p>Nakon pisanja turskog portala Firtina Haber, u Crnoj Gori je aktuelizovana tema izbora novih \u010delnika NATO-a jer je taj medij objavio da je najozbiljniji kandidat za mjesto zamjenika generalnog sekretara NATO-a biv\u0161i predsjednik na\u0161e dr\u017eave Milo \u0110ukanovi\u0107.<\/p>\n<blockquote class=\"wp-embedded-content\" data-secret=\"BPMKVMdtca\"><p><a href=\"https:\/\/www.pcnen.com\/portal\/2024\/06\/11\/ide-li-milo-djukanovic-u-nato\/\">Ide li Milo \u0110ukanovi\u0107 u NATO<\/a><\/p><\/blockquote>\n<p><iframe loading=\"lazy\" class=\"wp-embedded-content\" sandbox=\"allow-scripts\" security=\"restricted\" style=\"position: absolute; clip: rect(1px, 1px, 1px, 1px);\" title=\"&#8220;Ide li Milo \u0110ukanovi\u0107 u NATO&#8221; &#8212; PCNEN\" src=\"https:\/\/www.pcnen.com\/portal\/2024\/06\/11\/ide-li-milo-djukanovic-u-nato\/embed\/#?secret=SWcariq1vu#?secret=BPMKVMdtca\" data-secret=\"BPMKVMdtca\" width=\"600\" height=\"338\" frameborder=\"0\" marginwidth=\"0\" marginheight=\"0\" scrolling=\"no\"><\/iframe><\/p>\n","protected":false},"excerpt":{"rendered":"<p>Predsjednik Rumunije Klaus Verner Johanis je najozbiljniji kandidat za zamjenika generalnog sekretara NATO-a, a biv\u0161eg crnogorskog predsjednika Mila \u0110ukanovi\u0107a niko nije pominjao, saop\u0161teno je Danu iz vi\u0161e izvora iz te vojne alijanse.<\/p>\n","protected":false},"author":1,"featured_media":329681,"comment_status":"open","ping_status":"closed","sticky":false,"template":"","format":"standard","meta":{"_seopress_robots_primary_cat":"none","_seopress_titles_title":"","_seopress_titles_desc":"","_seopress_robots_index":"","_et_pb_use_builder":"","_et_pb_old_content":"","_et_gb_content_width":"","inline_featured_image":false,"footnotes":""},"categories":[14],"tags":[],"class_list":["post-404673","post","type-post","status-publish","format-standard","has-post-thumbnail","hentry","category-vijesti"],"_links":{"self":[{"href":"https:\/\/www.pcnen.com\/portal\/wp-json\/wp\/v2\/posts\/404673","targetHints":{"allow":["GET"]}}],"collection":[{"href":"https:\/\/www.pcnen.com\/portal\/wp-json\/wp\/v2\/posts"}],"about":[{"href":"https:\/\/www.pcnen.com\/portal\/wp-json\/wp\/v2\/types\/post"}],"author":[{"embeddable":true,"href":"https:\/\/www.pcnen.com\/portal\/wp-json\/wp\/v2\/users\/1"}],"replies":[{"embeddable":true,"href":"https:\/\/www.pcnen.com\/portal\/wp-json\/wp\/v2\/comments?post=404673"}],"version-history":[{"count":3,"href":"https:\/\/www.pcnen.com\/portal\/wp-json\/wp\/v2\/posts\/404673\/revisions"}],"predecessor-version":[{"id":404678,"href":"https:\/\/www.pcnen.com\/portal\/wp-json\/wp\/v2\/posts\/404673\/revisions\/404678"}],"wp:featuredmedia":[{"embeddable":true,"href":"https:\/\/www.pcnen.com\/portal\/wp-json\/wp\/v2\/media\/329681"}],"wp:attachment":[{"href":"https:\/\/www.pcnen.com\/portal\/wp-json\/wp\/v2\/media?parent=404673"}],"wp:term":[{"taxonomy":"category","embeddable":true,"href":"https:\/\/www.pcnen.com\/portal\/wp-json\/wp\/v2\/categories?post=404673"},{"taxonomy":"post_tag","embeddable":true,"href":"https:\/\/www.pcnen.com\/portal\/wp-json\/wp\/v2\/tags?post=404673"}],"curies":[{"name":"wp","href":"https:\/\/api.w.org\/{rel}","templated":true}]}}