{"id":404668,"date":"2024-06-15T16:08:34","date_gmt":"2024-06-15T14:08:34","guid":{"rendered":"https:\/\/www.pcnen.com\/portal\/?p=404668"},"modified":"2024-06-15T16:08:34","modified_gmt":"2024-06-15T14:08:34","slug":"mugosa-postoji-javni-interes-da-se-milovic-u-skupstini-obrati-poslanicima","status":"publish","type":"post","link":"https:\/\/www.pcnen.com\/portal\/2024\/06\/15\/mugosa-postoji-javni-interes-da-se-milovic-u-skupstini-obrati-poslanicima\/","title":{"rendered":"Mugo\u0161a: Postoji javni interes da se Milovi\u0107 u Skup\u0161tini obrati poslanicima"},"content":{"rendered":"<p>Nesumnjivo postoji javni interes da bude omogu\u0107eno ministru pravde da se u Skup\u0161tini obrati poslanicima, napisao je poslanik SD-a Boris Mugo\u0161a na mre\u017ei X.<\/p>\n<p>On je podsjetio da je predsjednik Vlade Milojko Spaji\u0107 u predlogu za razrje\u0161enje Milovi\u0107a naveo da bi ministar \u201cdaljim obavljanjem funkcije dodatno ugrozio interese Crne Gore sa aspekta unutra\u0161nje i vanjske politike\u201d.<\/p>\n<p>&#8220;To su izuzetno ozbiljne optu\u017ebe koje ne smiju ostati samo slovo na papiru&#8221;, naveo je Mugo\u0161a na mre\u017ei X, podsje\u0107aju\u0107i da su\u00a0su dva puta ministri iskazali \u017eelju da u\u010destvuju u raspravi i da im se to i omogu\u0107ilo \u2013 2021. Leposavi\u0107, 2016. Konjevi\u0107.<\/p>\n<p>&#8220;Drugo, u \u010dlanu 87 Poslovnika Skup\u0161tine je navedeno da o sazivanju sjednice i predlo\u017eenom dnevnom redu predsjednik Skup\u0161tine obavje\u0161tava Vladu a da ministri mogu u\u010destvovati u radu sjednice\u2026 Tre\u0107e, u \u010dlanu 82 Ustava pi\u0161e da Skup\u0161tina razrje\u0161ava \u010dlana Vlade (ministra)\u2026 Shodno tome, logi\u010dno je omogu\u0107iti poslanicima da saslu\u0161aju onoga o \u010dijem razrje\u0161enju odlu\u010duju\u2026 ovo je posebno va\u017eno ako se ima u vidu da poslanici nisu odvojeno glasali za imenovanje pojedinih ministra nego su jednim glasanjem birali Vladu odnosno glasali su za program mandatara i njegov predlog za sastav Vlade&#8221;, naveo je Mugo\u0161a.<\/p>\n<p>On isti\u010de da \u0107e se saznati brzo &#8220;da li \u0107emo povodom (ne)u\u010de\u0161\u0107a Milovi\u0107a svjedo\u010diti jo\u0161 jednom primjeru klasi\u010dne politi\u010dke trgovine izme\u0111u dva politi\u010dka subjekta iz parlamentarne ve\u0107ine \u010dija \u010dvrstina veze i oprediljenost jednih na druge rapidno raste&#8221;.<\/p>\n<p>&#8220;O eventualnom politi\u010dkom kukavi\u010dluku o tom potom\u2026 \u0160to se nas iz SD-a ti\u010de, interesuju nas a vjerujem i dobar dio javnosti odgovori na razna veoma va\u017ena pitanja\u2026 Nebitne pri\u010de da se brani neko, svrstava na neku stranu i sl. su nebitne i ni\u0161ta vi\u0161e&#8221;, poru\u010dio je Mugo\u0161a.<\/p>\n<p>&nbsp;<\/p>\n<blockquote class=\"twitter-tweet\">\n<p dir=\"ltr\" lang=\"und\">Povodom problematike u\u010de\u015b\u0107a ministra pravde u raspravi o predlogu za njegovo razrje\u0161enje, a kao neko ko je i \u010dlan Kolegijuma Skup\u0161tine\u2026<br \/>\n\u2714\ufe0fPrvo, dva puta kad su ministri iskazali \u017eelju da u\u010destvuju u raspravi to im se i omogu\u0107ilo &#8211; 2021. Leposavi\u0107, 2016. Konjevi\u0107\u2026<br \/>\n\u2714\ufe0fDrugo, u\u2026 <a href=\"https:\/\/t.co\/9UZY27aqIN\">pic.twitter.com\/9UZY27aqIN<\/a><\/p>\n<p>\u2014 Boris Mugo\u0161a (@BorisMugosa) <a href=\"https:\/\/twitter.com\/BorisMugosa\/status\/1801894674556145974?ref_src=twsrc%5Etfw\">June 15, 2024<\/a><\/p><\/blockquote>\n<p><script async src=\"https:\/\/platform.twitter.com\/widgets.js\" charset=\"utf-8\"><\/script><\/p>\n<blockquote class=\"wp-embedded-content\" data-secret=\"vxWgTe0Kv8\"><p><a href=\"https:\/\/www.pcnen.com\/portal\/2024\/06\/14\/kolegijum-bez-dogovora-o-milovicevom-ucescu-na-sjednici-o-njegovom-razrjesenju\/\">Kolegijum bez dogovora o Milovi\u0107evom u\u010de\u0161\u0107u na sjednici o njegovom razrje\u0161enju<\/a><\/p><\/blockquote>\n<p><iframe loading=\"lazy\" class=\"wp-embedded-content\" sandbox=\"allow-scripts\" security=\"restricted\" style=\"position: absolute; clip: rect(1px, 1px, 1px, 1px);\" title=\"&#8220;Kolegijum bez dogovora o Milovi\u0107evom u\u010de\u0161\u0107u na sjednici o njegovom razrje\u0161enju&#8221; &#8212; PCNEN\" src=\"https:\/\/www.pcnen.com\/portal\/2024\/06\/14\/kolegijum-bez-dogovora-o-milovicevom-ucescu-na-sjednici-o-njegovom-razrjesenju\/embed\/#?secret=Tvo2IeLkFq#?secret=vxWgTe0Kv8\" data-secret=\"vxWgTe0Kv8\" width=\"600\" height=\"338\" frameborder=\"0\" marginwidth=\"0\" marginheight=\"0\" scrolling=\"no\"><\/iframe><\/p>\n<p>&nbsp;<\/p>\n<p>&nbsp;<\/p>\n","protected":false},"excerpt":{"rendered":"<p>Nesumnjivo postoji javni interes da bude omogu\u0107eno ministru pravde da se u Skup\u0161tini obrati poslanicima, napisao je poslanik SD-a Boris Mugo\u0161a na mre\u017ei X. On je podsjetio da je predsjednik Vlade Milojko Spaji\u0107 u predlogu za razrje\u0161enje Milovi\u0107a naveo da bi ministar \u201cdaljim obavljanjem funkcije dodatno ugrozio interese Crne Gore sa aspekta unutra\u0161nje i vanjske [&hellip;]<\/p>\n","protected":false},"author":1,"featured_media":353473,"comment_status":"open","ping_status":"closed","sticky":false,"template":"","format":"standard","meta":{"_seopress_robots_primary_cat":"none","_seopress_titles_title":"","_seopress_titles_desc":"","_seopress_robots_index":"","_et_pb_use_builder":"","_et_pb_old_content":"","_et_gb_content_width":"","inline_featured_image":false,"footnotes":""},"categories":[14],"tags":[],"class_list":["post-404668","post","type-post","status-publish","format-standard","has-post-thumbnail","hentry","category-vijesti"],"_links":{"self":[{"href":"https:\/\/www.pcnen.com\/portal\/wp-json\/wp\/v2\/posts\/404668","targetHints":{"allow":["GET"]}}],"collection":[{"href":"https:\/\/www.pcnen.com\/portal\/wp-json\/wp\/v2\/posts"}],"about":[{"href":"https:\/\/www.pcnen.com\/portal\/wp-json\/wp\/v2\/types\/post"}],"author":[{"embeddable":true,"href":"https:\/\/www.pcnen.com\/portal\/wp-json\/wp\/v2\/users\/1"}],"replies":[{"embeddable":true,"href":"https:\/\/www.pcnen.com\/portal\/wp-json\/wp\/v2\/comments?post=404668"}],"version-history":[{"count":1,"href":"https:\/\/www.pcnen.com\/portal\/wp-json\/wp\/v2\/posts\/404668\/revisions"}],"predecessor-version":[{"id":404671,"href":"https:\/\/www.pcnen.com\/portal\/wp-json\/wp\/v2\/posts\/404668\/revisions\/404671"}],"wp:featuredmedia":[{"embeddable":true,"href":"https:\/\/www.pcnen.com\/portal\/wp-json\/wp\/v2\/media\/353473"}],"wp:attachment":[{"href":"https:\/\/www.pcnen.com\/portal\/wp-json\/wp\/v2\/media?parent=404668"}],"wp:term":[{"taxonomy":"category","embeddable":true,"href":"https:\/\/www.pcnen.com\/portal\/wp-json\/wp\/v2\/categories?post=404668"},{"taxonomy":"post_tag","embeddable":true,"href":"https:\/\/www.pcnen.com\/portal\/wp-json\/wp\/v2\/tags?post=404668"}],"curies":[{"name":"wp","href":"https:\/\/api.w.org\/{rel}","templated":true}]}}