{"id":404664,"date":"2024-06-15T14:13:32","date_gmt":"2024-06-15T12:13:32","guid":{"rendered":"https:\/\/www.pcnen.com\/portal\/?p=404664"},"modified":"2024-06-15T14:13:32","modified_gmt":"2024-06-15T12:13:32","slug":"od-danas-zabrana-saobracanja-na-vise-puteva-za-autobuse-i-teretna-vozila","status":"publish","type":"post","link":"https:\/\/www.pcnen.com\/portal\/2024\/06\/15\/od-danas-zabrana-saobracanja-na-vise-puteva-za-autobuse-i-teretna-vozila\/","title":{"rendered":"Od danas zabrana saobra\u0107anja na vi\u0161e puteva za autobuse i teretna vozila"},"content":{"rendered":"<p>Saobra\u0107aj autobusa i teretnih motornih vozila, \u010dija najve\u0107a dozvoljena masa prelazi 7,5 tona, bi\u0107e od danas do 15. septembra zabranjen na pojedinim djelovima magistralnih i regionalnih puteva, saop\u0161teno je iz Uprave policije.<\/p>\n<p>Iz policije su kazali da je saobra\u0107aj za teretna vozila zabranjen svakog dana od 17 do 22 sata.<\/p>\n<p>Kako su naveli, saobra\u0107aj se zabranjuje na djelovima magistralnih puteva Grani\u010dni prelaz Debeli Brijeg \u2013 Herceg Novi \u2013 Kotor \u2013 Tivat (Krtolska raskrsnica) \u2013 Budva \u2013 Bar \u2013 Ulcinj \u2013 grani\u010dni prelaz Sukobin.<\/p>\n<p>Sobra\u0107aj \u0107e biti zabranjen i na magistralnim putevima Podgorica \u2013 Sotoni\u0107i \u2013 Petrovac, Podgorica \u2013 Mioska \u2013 Kola\u0161in i Podgorica \u2013 Cetinje &#8211; Budva.<\/p>\n<p>Teretna motorna vozila, kako je saop\u0161teno, ne\u0107e mo\u0107i saobra\u0107ati do 15. septembra ni regionalnim putnim pravicma Kotor \u2013 Trojica (raskrsnica sa M-1), op\u0161tina Kotor, do mjesta Krstac (raskrsnica sa R25), op\u0161tina Cetinje, i R-29, dionica Bar 2. \u2013 (tunel \u201c\u0106afe\u201d, raskrsnica sa M-1) op\u0161tina Bar, do mjesta Kam most \u2013 Krute (raskrsnica sa M-1) op\u0161tina Ulcinj.<\/p>\n<p>Iz Uprave policije su kazali da se privremeno tokom 24 sata zabranjuje saobra\u0107aj i za autobuse kategorije M 2 i M 3 (laki i te\u0161ki autobusi i takozvana kombi vozila) i specijalnih putni\u010dkih vozila za stanovanje \u2013 kampera.<\/p>\n<p>\u201cSaobra\u0107aj je zabranjen na dionicama regionalnih puteva R-1, od mjesta Krstac (raskrsnica sa R25), op\u0161tina Cetinje do mjesta Trojica &#8211; Kotor (raskrsnica sa M-1), op\u0161tina Kotor, iz smjera Njegu\u0161a u smjeru Kotora\u201d, navodi se u saop\u0161tenju.<\/p>\n<p>Dodaje se da zabrana va\u017ei i za dionice R-29, dionica Bar 2. \u2013 (tunel \u201c\u0106afe\u201d, raskrsnica sa M-1) op\u0161tina Bar, do mjesta Kameni\u010dki most \u2013 Krute (raskrsnica sa M-1) u op\u0161tini Ulcinj, u oba smjera, osim gradskih autobusa, kao i dionicu Me\u0111uvr\u0161je \u2013 Lov\u0107en, od parkinga do Mauzoleja, u oba smjera.<\/p>\n<p>Kako su pojasnili iz policije, zabrana se ne odnosi na vozila sa prvenstvom prolaza, za odr\u017eavanje puteva i PTT instalacija, za pomo\u0107 na putu, specijalna vozila za prevoz \u017eivotinja, betona, asfaltne mase i hladnja\u010de koje prevoze lako kvarljivu robu, i vozila koja transportuju vodu.<\/p>\n<p>\u201cKao ni na vozila za prevoz opasnih materija na dijelu magistralnog puta M-1, od grani\u010dnog prelaza Debeli Brijeg preko Herceg Novog i Kamenara do kru\u017enog toka u mjestu Lipci\u201d, paja\u0161njava se u saop\u0161tenju.<\/p>\n<p>Iz policije su naglasili da \u0107e njihovi slu\u017ebenici preduzeti mjere kako bi se sprije\u010dilo formiranje kolona teretnih motornih vozila po zavr\u0161etku trajanja zabrane, \u0161to je bio \u010dest slu\u010daj prethodnih godina.<\/p>\n<p>\u201cSu\u017ebenici \u0107e dozvoliti uklju\u010divanje u saobra\u0107aj teretnih vozila, tako da izme\u0111u svaka dva uklju\u010divanja pro\u0111e vremenski period od najmanje par minuta, a voza\u010di teretnih motornih vozila \u0107e se upozoravati da su du\u017eni dr\u017eati propisano odstojanje izme\u0111u vozila\u201d, navodi se u saop\u0161tenju.<\/p>\n","protected":false},"excerpt":{"rendered":"<p>Saobra\u0107aj autobusa i teretnih motornih vozila, \u010dija najve\u0107a dozvoljena masa prelazi 7,5 tona, bi\u0107e od danas do 15. septembra zabranjen na pojedinim djelovima magistralnih i regionalnih puteva, saop\u0161teno je iz Uprave policije.<\/p>\n","protected":false},"author":1,"featured_media":300300,"comment_status":"open","ping_status":"closed","sticky":false,"template":"","format":"standard","meta":{"_seopress_robots_primary_cat":"none","_seopress_titles_title":"","_seopress_titles_desc":"","_seopress_robots_index":"","_et_pb_use_builder":"","_et_pb_old_content":"","_et_gb_content_width":"","inline_featured_image":false,"footnotes":""},"categories":[14],"tags":[],"class_list":["post-404664","post","type-post","status-publish","format-standard","has-post-thumbnail","hentry","category-vijesti"],"_links":{"self":[{"href":"https:\/\/www.pcnen.com\/portal\/wp-json\/wp\/v2\/posts\/404664","targetHints":{"allow":["GET"]}}],"collection":[{"href":"https:\/\/www.pcnen.com\/portal\/wp-json\/wp\/v2\/posts"}],"about":[{"href":"https:\/\/www.pcnen.com\/portal\/wp-json\/wp\/v2\/types\/post"}],"author":[{"embeddable":true,"href":"https:\/\/www.pcnen.com\/portal\/wp-json\/wp\/v2\/users\/1"}],"replies":[{"embeddable":true,"href":"https:\/\/www.pcnen.com\/portal\/wp-json\/wp\/v2\/comments?post=404664"}],"version-history":[{"count":1,"href":"https:\/\/www.pcnen.com\/portal\/wp-json\/wp\/v2\/posts\/404664\/revisions"}],"predecessor-version":[{"id":404667,"href":"https:\/\/www.pcnen.com\/portal\/wp-json\/wp\/v2\/posts\/404664\/revisions\/404667"}],"wp:featuredmedia":[{"embeddable":true,"href":"https:\/\/www.pcnen.com\/portal\/wp-json\/wp\/v2\/media\/300300"}],"wp:attachment":[{"href":"https:\/\/www.pcnen.com\/portal\/wp-json\/wp\/v2\/media?parent=404664"}],"wp:term":[{"taxonomy":"category","embeddable":true,"href":"https:\/\/www.pcnen.com\/portal\/wp-json\/wp\/v2\/categories?post=404664"},{"taxonomy":"post_tag","embeddable":true,"href":"https:\/\/www.pcnen.com\/portal\/wp-json\/wp\/v2\/tags?post=404664"}],"curies":[{"name":"wp","href":"https:\/\/api.w.org\/{rel}","templated":true}]}}