{"id":404660,"date":"2024-06-15T13:31:57","date_gmt":"2024-06-15T11:31:57","guid":{"rendered":"https:\/\/www.pcnen.com\/portal\/?p=404660"},"modified":"2024-06-15T13:31:57","modified_gmt":"2024-06-15T11:31:57","slug":"zelenski-putinu-cu-pokazati-gdje-mu-je-mjesto","status":"publish","type":"post","link":"https:\/\/www.pcnen.com\/portal\/2024\/06\/15\/zelenski-putinu-cu-pokazati-gdje-mu-je-mjesto\/","title":{"rendered":"Zelenski: Putinu \u0107u pokazati gdje mu je mjesto"},"content":{"rendered":"<p>Ruskom lideru Vladimiru Putinu treba pokazati gdje mu je mjesto svim moguc\u0301im sredstvima, uklju\u010dujuc\u0301i ja\u010danjem Ukrajine, moc\u0301nim sankcijama i politi\u010dkom izolacijom, rekao je danas predsjednik Ukrajine Volodomir Zelenski u intervjuu za italijanski SkiTG24, \u010diji je fragment objavio na svom Telegram kanalu uo\u010di otvaranja Samita mira u \u0160vajcarskoj, prenio je Ukrinform.<\/p>\n<p>&#8220;Danas Putin mora biti postavljen na svoje mjesto svim moguc\u0301im sredstvima: ja\u010danjem Ukrajine, sna\u017enim sankcijama, politi\u010dkom izolacijom&#8221;, rekao je Zelenski.<\/p>\n<p>On je rekao da c\u0301e Putin, ako osjeti da ima mo\u0107, nastaviti da napreduje.<\/p>\n<p>&#8220;Nije slu\u010dajnost da njegove rakete prelaze preko prostora dr\u017eava \u010dlanica NATO-a. Ima slu\u010dajeva u Poljskoj, ima slu\u010dajeva u Rumuniji, Rusija ulazi i u tu\u0111e teritorijalne vode, naru\u0161ava strani vazdu\u0161ni prostor. Sve je to zabele\u017eeno&#8221;, tvrdi Zelenski, prenosi Tanjug.<\/p>\n<p>Zelenski ka\u017ee i da Rusija koristi 3.200-3.500 raketa mjese\u010dno &#8220;isklju\u010divo protiv civilnog stanovni\u0161tva i civilne infrastrukture&#8221;, &#8220;kako bi se ljudi pla\u0161ili i bje\u017eali iz gradova, kako bi Rusija mogla da okupira ova sela i gradove&#8221;, prenosi ukrajinska agencija.<\/p>\n","protected":false},"excerpt":{"rendered":"<p>Ruskom lideru Vladimiru Putinu treba pokazati gdje mu je mjesto svim moguc\u0301im sredstvima, uklju\u010dujuc\u0301i ja\u010danjem Ukrajine, moc\u0301nim sankcijama i politi\u010dkom izolacijom, rekao je danas predsjednik Ukrajine Volodomir Zelenski.<\/p>\n","protected":false},"author":1,"featured_media":339578,"comment_status":"open","ping_status":"closed","sticky":false,"template":"","format":"standard","meta":{"_seopress_robots_primary_cat":"none","_seopress_titles_title":"","_seopress_titles_desc":"","_seopress_robots_index":"","_et_pb_use_builder":"","_et_pb_old_content":"","_et_gb_content_width":"","inline_featured_image":false,"footnotes":""},"categories":[14],"tags":[],"class_list":["post-404660","post","type-post","status-publish","format-standard","has-post-thumbnail","hentry","category-vijesti"],"_links":{"self":[{"href":"https:\/\/www.pcnen.com\/portal\/wp-json\/wp\/v2\/posts\/404660","targetHints":{"allow":["GET"]}}],"collection":[{"href":"https:\/\/www.pcnen.com\/portal\/wp-json\/wp\/v2\/posts"}],"about":[{"href":"https:\/\/www.pcnen.com\/portal\/wp-json\/wp\/v2\/types\/post"}],"author":[{"embeddable":true,"href":"https:\/\/www.pcnen.com\/portal\/wp-json\/wp\/v2\/users\/1"}],"replies":[{"embeddable":true,"href":"https:\/\/www.pcnen.com\/portal\/wp-json\/wp\/v2\/comments?post=404660"}],"version-history":[{"count":1,"href":"https:\/\/www.pcnen.com\/portal\/wp-json\/wp\/v2\/posts\/404660\/revisions"}],"predecessor-version":[{"id":404663,"href":"https:\/\/www.pcnen.com\/portal\/wp-json\/wp\/v2\/posts\/404660\/revisions\/404663"}],"wp:featuredmedia":[{"embeddable":true,"href":"https:\/\/www.pcnen.com\/portal\/wp-json\/wp\/v2\/media\/339578"}],"wp:attachment":[{"href":"https:\/\/www.pcnen.com\/portal\/wp-json\/wp\/v2\/media?parent=404660"}],"wp:term":[{"taxonomy":"category","embeddable":true,"href":"https:\/\/www.pcnen.com\/portal\/wp-json\/wp\/v2\/categories?post=404660"},{"taxonomy":"post_tag","embeddable":true,"href":"https:\/\/www.pcnen.com\/portal\/wp-json\/wp\/v2\/tags?post=404660"}],"curies":[{"name":"wp","href":"https:\/\/api.w.org\/{rel}","templated":true}]}}