{"id":404641,"date":"2024-06-15T10:38:50","date_gmt":"2024-06-15T08:38:50","guid":{"rendered":"https:\/\/www.pcnen.com\/portal\/?p=404641"},"modified":"2024-06-15T10:38:50","modified_gmt":"2024-06-15T08:38:50","slug":"knezevic-uvijek-cu-braniti-spc-i-njeno-kanonsko-jedinstvo","status":"publish","type":"post","link":"https:\/\/www.pcnen.com\/portal\/2024\/06\/15\/knezevic-uvijek-cu-braniti-spc-i-njeno-kanonsko-jedinstvo\/","title":{"rendered":"Kne\u017eevi\u0107: Uvijek \u0107u braniti SPC i njeno kanonsko jedinstvo"},"content":{"rendered":"<p>Predsjednik Demokratske narodne partije (DNP) Milan Kne\u017eevi\u0107 poru\u010dio je da \u0107e &#8220;uvijek i na svakom mjestu&#8221; braniti Srpsku pravoslavnu crkvu i njeno kanonsko jedinstvo.<\/p>\n<p>&#8220;\u010citaju\u0107i saop\u0161tenje Mitropolije crnogorsko primorske koje je napisao (ne)poznati autor, a odnosi se na moju dokazanu gre\u0161nost jer nisam spreman da \u0107utim, za\u010dudio sam se za\u0161to isto nije potpisano, jer ako je istina u ovom saop\u0161tenju apsolutna i nesumnjaju\u0107a, valjda bi bila \u010dast (ne)poznatom autoru da se potpi\u0161e imenom i prezimenom, i tako posvjedo\u010di svoja uvjerenja. Nikad nisam volio da polemi\u0161em s kolektivnim saop\u0161tenjima, jer me to u samom startu stavlja u dominantnu poziciju, po\u0161to sve \u0161to sam uradio u \u017eivotu, bilo lo\u0161e ili dobro, potpisano je mojim imenom i prezimenom. Tako da \u0107u nastavak ove polemike voditi s (ne)poznatim autorom, a ne sa Mitropolijom, uz vjeru da \u0107e mi ipak odgovoriti svojim imenom i prezimenom&#8221;, saop\u0161tio je Kne\u017eevi\u0107.<\/p>\n<p>&#8220;Lako se skrivati iza crkve i Boga, ali ajde skrij se iza samog sebe, ako ima\u0161 iza \u010dega. Zato bih volio da se (ne)poznati autor ovako eksrpesno oglasio nakon \u0161to je crnogorska vlada glasala za Rezoluciju o genocidu u Srebrenici kojom su i na\u0161a Srpska pravoslavna crkva, a valjda i Mitropolija crnogorsko primorska, kao njen sastavni dio progla\u0161ene genocidnom. Volio bih da sam pro\u010ditao ekspresno reagovanje (ne)poznatog autora kad su Milo \u0110ukanovi\u0107 i Du\u0161ko Markovi\u0107 koristili ne samo gnusne kvalifikacije, ve\u0107 i sve institucionalne mehanizme protiv SPC i njenih eparhija u Crnoj Gori, ili da je makar blagim prekorom reagovao kad je Zdravko Krivokapi\u0107 odbio da na Saboru potpi\u0161e Temeljni ugovor. Ali avaj, dosad imamo samo dvije ekspresne reakcije: opelo odr\u017eano vladi Republike Srbije, i poziv (ne)poznatog autora da se javim SDT \u2013 u. Naravno, ne treba o\u010dekivati reakciju ni na sve o\u010diglednije poku\u0161aje razbijanja kanonskog jedinstva SPC i formiranja pravoslavne crkve u Crnoj Gori, koju su na\u017ealost neki sve\u0161tenici (ne)svjesno promovisali. E upravo mislim da je u tome korijen mog mogu\u0107eg nesporazuma sa (ne)poznatim autorom, jer se ja sna\u017eno i beskompromisno zala\u017eem za kanonsko jedinstvo SPC, i o\u0161tro osu\u0111ujem svaki poku\u0161aj najave stvaranja nekakve pravoslavne crkve o kojoj je nedavno govorio i kiparski arhiepiskop&#8221;, dodaje Kne\u017eevi\u0107.<\/p>\n<p>I to svi, ka\u017ee, znaju, &#8220;kako vjernici, tako i sve\u0161tena lica u SPC&#8221;.<\/p>\n<p>&#8220;Naravno, malo ko je spreman da o tome govori javno, ali moj put je sve vrijeme bio trnovit, i nemam problem da bos ponovo krenem stazom trnja u odbrani vjere i istine u koju sam zagledan. (Ne)poznati autor saop\u0161tenja nikako da prihvati \u010dinjenicu da On nema problem sa mnom, nego sa SKAJ-em. I dok tra\u017ei dokaze od mene, sve vrijeme zaboravlja da je te dokaze EUROPOL poslao SDT-u, i da se oni nalaze u Ulici slobde (sjedi\u0161te SDT-a), da je na osnovu tih dokaza dosad uhap\u0161eno 12 lica, da su neka u bjekstvu, da se neka spremaju za bjekstvo, a da se me\u0111u tim licima nalaze i neka koja su imala intenzivne kontakte sa jednim brojem sve\u0161tenika Mitropolije. Jedno od njih je i Stevan Simijanovi\u0107, probisvijet, vagabundo, falsifikator, i osoba koju su podmetnuli \u010dasnom mitropolitu Amfilohiju kao sekretara u ameri\u010dkom predstavni\u0161tvu misije OEBS \u2013 a u \u017denevi. Upravo je taj Simijanovi\u0107 izvr\u0161io presudni uticaj na \u010destitog i plemenitog mitropolita Amfilohija, kako bi na sastanku u manastru Ostrog zaustavio ulazak lidera i funkcionera DF-a u 42. Vladu. Sve ovo ne spori ni (ne)poznati autor, ve\u0107 potvr\u0111uje da se mitropolit sreo sa Stevanom Simijanovi\u0107em, i \u010dak podr\u017eava njegovu misiju da nas u razgovoru s mitropolitom izbaci iz vlade. Ali Simijanovi\u0107a na razgovor nije zvao mitropolit, ve\u0107 mu je preporu\u010den, jer niko ne mo\u017ee vjerovati da je on samo banuo u Ostrog i sastavio vladu&#8221;, dodaje lider DNP-a.<\/p>\n<p>A oni koji su Simijanovi\u0107a doveli kod mitropolita, kako je rekao, &#8220;neka nastave da budu ponosni na svoju ulogu u sastavljanju vlade&#8221;.<\/p>\n<p>&#8220;Za to odnedavno imaju i SKAJ potvrdu. Od nas je zahtijevano da predlo\u017eimo i podr\u017eimo Zdravka Krivokapi\u0107a za mandatara i Dritana Abazovi\u0107a za potpredsjednika, i da se povu\u010demo od daljeg u\u010de\u0161\u0107a u vladi. I to je od nas tra\u017eio pokojni mitropolit Amfilohije, pozivaju\u0107i se na razgovor sa Simijanovi\u0107em, \u0161to smo i ispo\u0161tovali. I u \u010demu je problem? U tome \u0161to nekoliko mjeseci kasnije Stevan Simijanovi\u0107 biva uhap\u0161en sa la\u017enim diplomatskim paso\u0161em kao prevarant i vol\u0161ebno napu\u0161ta Crnu Goru iako se protiv njega vodio postupak. A \u010detiri godine kasnije EUROPOL nam dostavlja SKAJ prepisku u kojoj se po tvrdnjama visokog policijskog funkcionera Ilije Vasovi\u0107a (uhap\u0161en po objavljivanju prepiske) pravi dogovor o preuzimanju poslova \u0161verca cigareta za interese Aleksandra Mrki\u0107a, Dake Davidovi\u0107a i Stevana Simijanovi\u0107a. I \u0161to sam ja kriv (ne)poznatom autoru? Zato \u0161to su glavni heroji SKAJ prepiske Daka Davidovi\u0107 nosilac svih mogu\u0107ih ordenja i odlikovanja SPC, i Stevan Simijanovi\u0107 koga su \u010destitom mitropolitu podmetnuli kao viskog me\u0111unarodnog predstavnika. A sve po tvrdnjama Ilije Vasovi\u0107a i Aleksandra Mrki\u0107a (koji je u bjekstvu), da \u017eele da preuzmu poslove \u0161verca cigareta pozivaju\u0107i se na Svetog Vasilija, krst i pravoslavlje&#8221;, navodi Kne\u017eevi\u0107.<\/p>\n<p>Rekao je da to \u0161to &#8220;(ne)poznati autor u kolektivnom saop\u0161tenju \u017eeli da opere ruke i savjest od Dake Davidovi\u0107a i kontakata koji su sve\u0161tenici imali sa njim, pozivaju\u0107i mene da odem u SDT, ne samo da nije hri\u0161\u0107anski, nego nije ni ljudski&#8221;, ali da nema namjeru da se mije\u0161a u njihove odnose.<\/p>\n<p>&#8220;Sa Dakom Davidovi\u0107em nemam nikakvu komunikaciju od jula 2020. godine, ali za razliku od mnogih koji sad bje\u017ee od njega, nikad nisam bje\u017eao od na\u0161eg poznanstva. Mo\u017eda (ne)poznati autor voli da ide u SDT i policiju i informi\u0161e ih o svim svojim saznanjima, ali ga moram razo\u010darati i saop\u0161titi mu da ne\u0107u i\u0107i u SDT da saop\u0161tavam svoja saznanja o tome ko je i kako doveo Stevana Simijanovi\u0107a kod mitropolita Amfilohija. Ali sam spreman da sva svoja saznanja podijelim sa mitropolitom Joanikijem kad se vrati iz Rusije. I ne prikupljam ja dokaze protiv jednog broja sve\u0161tenika MCP, kako to tvrdi (ne)poznati autor, ve\u0107 to rade tu\u017eila\u0161tvo i EUROPOL. Tako da (ne)poznati autor ne mo\u017ee mene kriviti ako se imena pojedinih sve\u0161tenika budu na\u0161la u SKAJ prepiskama osumnji\u010denih za \u0161verc cigareta. Izgleda da je moja krivica bila u tome \u0161to prevaren od strane Simijanovi\u0107a i \u0161vercerskog lobija nisam \u017eelio da \u0107utim. E da sam \u0107utao, vjerovatno bih bolje pro\u0161ao u \u017eivotu, ali ne\u0161to sam ubije\u0111en da kad odem Gospodu na istinu, mo\u0107i \u0107u da podignem glavu i ka\u017eem: &#8216;ja uradih ovoliko, sigurno je premalo za carstvo nebesko, ali vi\u0161e nisam ni znao ni umio.&#8217; A da sam ipak ne\u0161to dobro uradio svjedo\u010di veliki broj poruka podr\u0161ke koje sam ju\u010de dobio od sve\u0161tenstva SPC, vjernika i svih objektivnih ljudi koji su pro\u010ditali subjektivno saop\u0161tenje (ne)poznatog autora koje obiluje politi\u010dkim kvalifikacijama i neskrivenim animozitetom prema meni. Ali moja misija je istina i su\u0161tinsko slu\u017eenje Gospodu, tako da mu bratski opra\u0161tam i grlim ga u mislima, \u010dak i za naru\u010deni tekst prethodnicu na njemu bliskom, a neki tvrde njegovom portalu, koji su preuzele stranice koje se pozivaju na odbranu svetinja. A u kome bez ikakvog polemi\u010dkog duha bivam nazivan svakakvim nadimcima koje protiv mene ne bi koristili \u010dak ni oni sa belvederskih guma, a koriste ih pojedinci iz, ili bliski Mitropoliji&#8221;, kazao je Kne\u017eevi\u0107.<\/p>\n<p>&#8220;I na kraju, \u0161to se ti\u010de okrnjenih oreola, ne znam za\u0161to (ne)poznati autor smatra da sam mislio na njega ili bilo kog u crkvi, osim ako za \u017eivota nije samog sebe proglasio za sveca, a da o tome ni Sabor ni narod ni\u0161ta ne znaju. A \u0161to se ti\u010de mog skromnog doprinosa u borbi za odbranu svetinja, znam samo jedno, ponovo ako budu napali na crkvu, bi\u0107u u prvim redovima da je branim kao \u0161to sam to uradio u decembru 2019. godine. I ne\u0107u tra\u017eiti nikakvo ordenje, ni fresku u hramu, a za neke sigurno znam, da \u0107e ako do\u0111e do toga, opet morati da odnesu tetki lijek i nestanu u dimu cigareta. Hristos voskrese! Vaistinu voskrese&#8221;, zaklju\u010dio je Kne\u017eevi\u0107.<\/p>\n<blockquote class=\"wp-embedded-content\" data-secret=\"5BJ0faNzgd\"><p><a href=\"https:\/\/www.pcnen.com\/portal\/2024\/06\/14\/knezevic-citatom-iz-biblije-odgovorio-mcp\/\">Kne\u017eevi\u0107 citatom iz Biblije odgovorio MCP<\/a><\/p><\/blockquote>\n<p><iframe loading=\"lazy\" class=\"wp-embedded-content\" sandbox=\"allow-scripts\" security=\"restricted\" style=\"position: absolute; clip: rect(1px, 1px, 1px, 1px);\" title=\"&#8220;Kne\u017eevi\u0107 citatom iz Biblije odgovorio MCP&#8221; &#8212; PCNEN\" src=\"https:\/\/www.pcnen.com\/portal\/2024\/06\/14\/knezevic-citatom-iz-biblije-odgovorio-mcp\/embed\/#?secret=SVXo9jh5vG#?secret=5BJ0faNzgd\" data-secret=\"5BJ0faNzgd\" width=\"600\" height=\"338\" frameborder=\"0\" marginwidth=\"0\" marginheight=\"0\" scrolling=\"no\"><\/iframe><\/p>\n","protected":false},"excerpt":{"rendered":"<p>Predsjednik Demokratske narodne partije (DNP) Milan Kne\u017eevi\u0107 poru\u010dio je da \u0107e &#8220;uvijek i na svakom mjestu&#8221; braniti Srpsku pravoslavnu crkvu i njeno kanonsko jedinstvo.<\/p>\n","protected":false},"author":1,"featured_media":404644,"comment_status":"open","ping_status":"closed","sticky":false,"template":"","format":"standard","meta":{"_seopress_robots_primary_cat":"none","_seopress_titles_title":"","_seopress_titles_desc":"","_seopress_robots_index":"","_et_pb_use_builder":"","_et_pb_old_content":"","_et_gb_content_width":"","inline_featured_image":false,"footnotes":""},"categories":[14],"tags":[],"class_list":["post-404641","post","type-post","status-publish","format-standard","has-post-thumbnail","hentry","category-vijesti"],"_links":{"self":[{"href":"https:\/\/www.pcnen.com\/portal\/wp-json\/wp\/v2\/posts\/404641","targetHints":{"allow":["GET"]}}],"collection":[{"href":"https:\/\/www.pcnen.com\/portal\/wp-json\/wp\/v2\/posts"}],"about":[{"href":"https:\/\/www.pcnen.com\/portal\/wp-json\/wp\/v2\/types\/post"}],"author":[{"embeddable":true,"href":"https:\/\/www.pcnen.com\/portal\/wp-json\/wp\/v2\/users\/1"}],"replies":[{"embeddable":true,"href":"https:\/\/www.pcnen.com\/portal\/wp-json\/wp\/v2\/comments?post=404641"}],"version-history":[{"count":1,"href":"https:\/\/www.pcnen.com\/portal\/wp-json\/wp\/v2\/posts\/404641\/revisions"}],"predecessor-version":[{"id":404645,"href":"https:\/\/www.pcnen.com\/portal\/wp-json\/wp\/v2\/posts\/404641\/revisions\/404645"}],"wp:featuredmedia":[{"embeddable":true,"href":"https:\/\/www.pcnen.com\/portal\/wp-json\/wp\/v2\/media\/404644"}],"wp:attachment":[{"href":"https:\/\/www.pcnen.com\/portal\/wp-json\/wp\/v2\/media?parent=404641"}],"wp:term":[{"taxonomy":"category","embeddable":true,"href":"https:\/\/www.pcnen.com\/portal\/wp-json\/wp\/v2\/categories?post=404641"},{"taxonomy":"post_tag","embeddable":true,"href":"https:\/\/www.pcnen.com\/portal\/wp-json\/wp\/v2\/tags?post=404641"}],"curies":[{"name":"wp","href":"https:\/\/api.w.org\/{rel}","templated":true}]}}