{"id":404631,"date":"2024-06-15T09:17:32","date_gmt":"2024-06-15T07:17:32","guid":{"rendered":"https:\/\/www.pcnen.com\/portal\/?p=404631"},"modified":"2024-06-15T09:21:15","modified_gmt":"2024-06-15T07:21:15","slug":"preminuo-golman-cg-reprezentacije-matija-sarkic","status":"publish","type":"post","link":"https:\/\/www.pcnen.com\/portal\/2024\/06\/15\/preminuo-golman-cg-reprezentacije-matija-sarkic\/","title":{"rendered":"Preminuo golman CG reprezentacije Matija \u0160arki\u0107"},"content":{"rendered":"<p>Golman crnogorske fudbalske reprezentacije Matija \u0160arki\u0107 (27) je preminuo jutros oko 6:30 \u010dasova u Budvi..<\/p>\n<p>Nakon \u0161to mu je pozlilo, do\u0161la je hitna pomo\u0107 i konstatovala smrt.<\/p>\n<p>Istraga o njegovoj smrti je u toku<\/p>\n<p>Matija \u0160arki\u0107 je karijeru po\u010deo u Anderlehtu. Igrao je za Vigan, Aston Vilu, Linvingston, Vulverhempton, \u0160ruzberi, Birmingem, Milvol i Stouk.<\/p>\n<p>Za reprezentaciju Crne Gore je odigrao devet utakmica, a debitovao je protiv Bjelorusije u prijateljskom me\u010du 2019. godine.<\/p>\n","protected":false},"excerpt":{"rendered":"<p>Golman crnogorske fudbalske reprezentacije Matija \u0160arki\u0107 (27) je preminuo jutros oko 6:30 \u010dasova u Budvi..<\/p>\n","protected":false},"author":1,"featured_media":404634,"comment_status":"open","ping_status":"closed","sticky":false,"template":"","format":"standard","meta":{"_seopress_robots_primary_cat":"none","_seopress_titles_title":"","_seopress_titles_desc":"","_seopress_robots_index":"","_et_pb_use_builder":"","_et_pb_old_content":"","_et_gb_content_width":"","inline_featured_image":false,"footnotes":""},"categories":[14],"tags":[],"class_list":["post-404631","post","type-post","status-publish","format-standard","has-post-thumbnail","hentry","category-vijesti"],"_links":{"self":[{"href":"https:\/\/www.pcnen.com\/portal\/wp-json\/wp\/v2\/posts\/404631","targetHints":{"allow":["GET"]}}],"collection":[{"href":"https:\/\/www.pcnen.com\/portal\/wp-json\/wp\/v2\/posts"}],"about":[{"href":"https:\/\/www.pcnen.com\/portal\/wp-json\/wp\/v2\/types\/post"}],"author":[{"embeddable":true,"href":"https:\/\/www.pcnen.com\/portal\/wp-json\/wp\/v2\/users\/1"}],"replies":[{"embeddable":true,"href":"https:\/\/www.pcnen.com\/portal\/wp-json\/wp\/v2\/comments?post=404631"}],"version-history":[{"count":2,"href":"https:\/\/www.pcnen.com\/portal\/wp-json\/wp\/v2\/posts\/404631\/revisions"}],"predecessor-version":[{"id":404636,"href":"https:\/\/www.pcnen.com\/portal\/wp-json\/wp\/v2\/posts\/404631\/revisions\/404636"}],"wp:featuredmedia":[{"embeddable":true,"href":"https:\/\/www.pcnen.com\/portal\/wp-json\/wp\/v2\/media\/404634"}],"wp:attachment":[{"href":"https:\/\/www.pcnen.com\/portal\/wp-json\/wp\/v2\/media?parent=404631"}],"wp:term":[{"taxonomy":"category","embeddable":true,"href":"https:\/\/www.pcnen.com\/portal\/wp-json\/wp\/v2\/categories?post=404631"},{"taxonomy":"post_tag","embeddable":true,"href":"https:\/\/www.pcnen.com\/portal\/wp-json\/wp\/v2\/tags?post=404631"}],"curies":[{"name":"wp","href":"https:\/\/api.w.org\/{rel}","templated":true}]}}