{"id":404603,"date":"2024-06-14T21:10:10","date_gmt":"2024-06-14T19:10:10","guid":{"rendered":"https:\/\/www.pcnen.com\/portal\/?p=404603"},"modified":"2024-06-14T21:10:10","modified_gmt":"2024-06-14T19:10:10","slug":"knezevic-citatom-iz-biblije-odgovorio-mcp","status":"publish","type":"post","link":"https:\/\/www.pcnen.com\/portal\/2024\/06\/14\/knezevic-citatom-iz-biblije-odgovorio-mcp\/","title":{"rendered":"Kne\u017eevi\u0107 citatom iz Biblije odgovorio MCP"},"content":{"rendered":"<p>Predsjednik Demokratske narodne partije (DNP) Milan Kne\u017eevi\u0107 oglasio se na dru\u0161tvenoj mre\u017ei X nakon saop\u0161tenja Mitropolije crnogorsko-primorske (MCP).<\/p>\n<p>&#8220;Ne\u0107e svaki koji mi govori: Gospode! Gospode! u\u0107i u carstvo nebesko; no koji \u010dini po volji Oca mog koji je na nebesima&#8221;, napisao je Kne\u017eevi\u0107.<\/p>\n<p>Kne\u017eevi\u0107 je sino\u0107 u emisiji &#8220;Na\u010disto&#8221; na Televiziji Vijesti kazao da je &#8220;\u0161vercerski lobi \u017eelio da, preko jednog dijela sve\u0161tenika Srpske pravoslavne crkve (SPC), manipuli\u0161u\u0107i \u010dasnim i \u010destitim mitropolitom Amfilohijem&#8230;&#8221;, ne dovr\u0161iv\u0161i re\u010denicu.<\/p>\n<blockquote class=\"twitter-tweet\">\n<p dir=\"ltr\" lang=\"sr\">7:21 \u041d\u0435\u045b\u0435 \u0441\u0432\u0430\u043a\u0438 \u043a\u043e\u0458\u0438 \u043c\u0438 \u0433\u043e\u0432\u043e\u0440\u0438: \u0413\u043e\u0441\u043f\u043e\u0434\u0435! \u0413\u043e\u0441\u043f\u043e\u0434\u0435! \u0423\u045b\u0438 \u0443 \u0446\u0430\u0440\u0441\u0442\u0432\u043e \u043d\u0435\u0431\u0435\u0441\u043a\u043e; \u043d\u043e \u043a\u043e\u0458\u0438 \u0447\u0438\u043d\u0438 \u043f\u043e \u0432\u043e\u0459\u0438 \u041e\u0446\u0430 \u043c\u043e\u0433 \u043a\u043e\u0458\u0438 \u0458\u0435 \u043d\u0430 \u043d\u0435\u0431\u0435\u0441\u0438\u043c\u0430. <a href=\"https:\/\/t.co\/dcADLtSyLK\">pic.twitter.com\/dcADLtSyLK<\/a><\/p>\n<p>\u2014 Milan Kne\u017eevi\u0107 (@MilanKnezevic80) <a href=\"https:\/\/twitter.com\/MilanKnezevic80\/status\/1801631163695435962?ref_src=twsrc%5Etfw\">June 14, 2024<\/a><\/p><\/blockquote>\n<blockquote class=\"wp-embedded-content\" data-secret=\"RMY9ujH6jc\"><p><a href=\"https:\/\/www.pcnen.com\/portal\/2024\/06\/14\/mcp-reagovala-na-tvrdnje-poslanika-milana-knezevica\/\">MCP reagovala na tvrdnje poslanika Milana Kne\u017eevi\u0107a<\/a><\/p><\/blockquote>\n<p><iframe loading=\"lazy\" class=\"wp-embedded-content\" sandbox=\"allow-scripts\" security=\"restricted\" style=\"position: absolute; clip: rect(1px, 1px, 1px, 1px);\" title=\"&#8220;MCP reagovala na tvrdnje poslanika Milana Kne\u017eevi\u0107a&#8221; &#8212; PCNEN\" src=\"https:\/\/www.pcnen.com\/portal\/2024\/06\/14\/mcp-reagovala-na-tvrdnje-poslanika-milana-knezevica\/embed\/#?secret=WRORrtMhfk#?secret=RMY9ujH6jc\" data-secret=\"RMY9ujH6jc\" width=\"600\" height=\"338\" frameborder=\"0\" marginwidth=\"0\" marginheight=\"0\" scrolling=\"no\"><\/iframe><\/p>\n","protected":false},"excerpt":{"rendered":"<p>Predsjednik Demokratske narodne partije (DNP) Milan Kne\u017eevi\u0107 oglasio se na dru\u0161tvenoj mre\u017ei X nakon saop\u0161tenja Mitropolije crnogorsko-primorske (MCP).<\/p>\n","protected":false},"author":1,"featured_media":275178,"comment_status":"open","ping_status":"closed","sticky":false,"template":"","format":"standard","meta":{"_seopress_robots_primary_cat":"none","_seopress_titles_title":"","_seopress_titles_desc":"","_seopress_robots_index":"","_et_pb_use_builder":"","_et_pb_old_content":"","_et_gb_content_width":"","inline_featured_image":false,"footnotes":""},"categories":[14],"tags":[],"class_list":["post-404603","post","type-post","status-publish","format-standard","has-post-thumbnail","hentry","category-vijesti"],"_links":{"self":[{"href":"https:\/\/www.pcnen.com\/portal\/wp-json\/wp\/v2\/posts\/404603","targetHints":{"allow":["GET"]}}],"collection":[{"href":"https:\/\/www.pcnen.com\/portal\/wp-json\/wp\/v2\/posts"}],"about":[{"href":"https:\/\/www.pcnen.com\/portal\/wp-json\/wp\/v2\/types\/post"}],"author":[{"embeddable":true,"href":"https:\/\/www.pcnen.com\/portal\/wp-json\/wp\/v2\/users\/1"}],"replies":[{"embeddable":true,"href":"https:\/\/www.pcnen.com\/portal\/wp-json\/wp\/v2\/comments?post=404603"}],"version-history":[{"count":1,"href":"https:\/\/www.pcnen.com\/portal\/wp-json\/wp\/v2\/posts\/404603\/revisions"}],"predecessor-version":[{"id":404606,"href":"https:\/\/www.pcnen.com\/portal\/wp-json\/wp\/v2\/posts\/404603\/revisions\/404606"}],"wp:featuredmedia":[{"embeddable":true,"href":"https:\/\/www.pcnen.com\/portal\/wp-json\/wp\/v2\/media\/275178"}],"wp:attachment":[{"href":"https:\/\/www.pcnen.com\/portal\/wp-json\/wp\/v2\/media?parent=404603"}],"wp:term":[{"taxonomy":"category","embeddable":true,"href":"https:\/\/www.pcnen.com\/portal\/wp-json\/wp\/v2\/categories?post=404603"},{"taxonomy":"post_tag","embeddable":true,"href":"https:\/\/www.pcnen.com\/portal\/wp-json\/wp\/v2\/tags?post=404603"}],"curies":[{"name":"wp","href":"https:\/\/api.w.org\/{rel}","templated":true}]}}