{"id":404590,"date":"2024-06-14T19:34:24","date_gmt":"2024-06-14T17:34:24","guid":{"rendered":"https:\/\/www.pcnen.com\/portal\/?p=404590"},"modified":"2024-06-14T19:34:47","modified_gmt":"2024-06-14T17:34:47","slug":"papa-upozorio-svjetske-lidere-na-opasnosti-od-vjestacke-inteligencije","status":"publish","type":"post","link":"https:\/\/www.pcnen.com\/portal\/2024\/06\/14\/papa-upozorio-svjetske-lidere-na-opasnosti-od-vjestacke-inteligencije\/","title":{"rendered":"Papa upozorio svjetske lidere na opasnosti od vje\u0161ta\u010dke inteligencije"},"content":{"rendered":"<p>Papa Franjo je pozvao lidere bogatih svjetskih demokratija da u prvi plan rasprava stave upotrebu vje\u0161ta\u010dke inteligencije, upozoriv\u0161i da mo\u0107na tehnologija nosi i opasnost od &#8220;pretvaranja ljudskih odnosa u obi\u010dne algoritme&#8221;.<\/p>\n<p>Papa se danas obratio na godi\u0161njem samitu grupe sedam (G7), gdje je do\u0161ao na poziv doma\u0107ina Italije da govori o opasnostima koje mo\u017ee izazvati vje\u0161ta\u010dka inteligencija, prenose mediji.<\/p>\n<p>Istakao je da politi\u010dari moraju preuzeti vo\u0111stvo kako bi vje\u0161ta\u010dka inteligencija bila skoncentrisana na \u010dovjeka, nagla\u0161avaju\u0107i da odluke trebaju da donesu ljudi, a ne ma\u0161ine.<\/p>\n<p>&#8220;Osudili bi \u010dovje\u010danstvo na budu\u0107nost bez nade ako bi oduzeli sposobnost ljudima da donose odluke o samima sebi i svojim \u017eivotima, osu\u0111uju\u0107i ih da zavise od izbora ma\u0161ina&#8221;, rekao je papa.<\/p>\n<p>Papa namjerava da iskoristi priliku da se pridru\u017ei brojnim zemljama i globalnim tijelima koji se zala\u017eu za sna\u017eniji nadzor nad vje\u0161ta\u010dkom inteligencijom.<\/p>\n<p>Evropska unija me\u0111u prvima je preduzela korake u tom pravcu, sa Zakonom o vje\u0161ta\u010dkoj inteligenciji koji treba da stupi na snagu tokom naredne dvije godine i koji bi mogao da djeluje kao globalni model.<\/p>\n","protected":false},"excerpt":{"rendered":"<p>Papa Franjo pozvao je lidere bogatih svjetskih demokratija da u prvi plan rasprava stave upotrebu vje\u0161ta\u010dke inteligencije, upozoriv\u0161i da mo\u0107na tehnologija nosi i opasnost od &#8220;pretvaranja ljudskih odnosa u obi\u010dne algoritme&#8221;.<\/p>\n","protected":false},"author":1,"featured_media":372432,"comment_status":"open","ping_status":"closed","sticky":false,"template":"","format":"standard","meta":{"_seopress_robots_primary_cat":"none","_seopress_titles_title":"","_seopress_titles_desc":"","_seopress_robots_index":"","_et_pb_use_builder":"","_et_pb_old_content":"","_et_gb_content_width":"","inline_featured_image":false,"footnotes":""},"categories":[14],"tags":[],"class_list":["post-404590","post","type-post","status-publish","format-standard","has-post-thumbnail","hentry","category-vijesti"],"_links":{"self":[{"href":"https:\/\/www.pcnen.com\/portal\/wp-json\/wp\/v2\/posts\/404590","targetHints":{"allow":["GET"]}}],"collection":[{"href":"https:\/\/www.pcnen.com\/portal\/wp-json\/wp\/v2\/posts"}],"about":[{"href":"https:\/\/www.pcnen.com\/portal\/wp-json\/wp\/v2\/types\/post"}],"author":[{"embeddable":true,"href":"https:\/\/www.pcnen.com\/portal\/wp-json\/wp\/v2\/users\/1"}],"replies":[{"embeddable":true,"href":"https:\/\/www.pcnen.com\/portal\/wp-json\/wp\/v2\/comments?post=404590"}],"version-history":[{"count":2,"href":"https:\/\/www.pcnen.com\/portal\/wp-json\/wp\/v2\/posts\/404590\/revisions"}],"predecessor-version":[{"id":404594,"href":"https:\/\/www.pcnen.com\/portal\/wp-json\/wp\/v2\/posts\/404590\/revisions\/404594"}],"wp:featuredmedia":[{"embeddable":true,"href":"https:\/\/www.pcnen.com\/portal\/wp-json\/wp\/v2\/media\/372432"}],"wp:attachment":[{"href":"https:\/\/www.pcnen.com\/portal\/wp-json\/wp\/v2\/media?parent=404590"}],"wp:term":[{"taxonomy":"category","embeddable":true,"href":"https:\/\/www.pcnen.com\/portal\/wp-json\/wp\/v2\/categories?post=404590"},{"taxonomy":"post_tag","embeddable":true,"href":"https:\/\/www.pcnen.com\/portal\/wp-json\/wp\/v2\/tags?post=404590"}],"curies":[{"name":"wp","href":"https:\/\/api.w.org\/{rel}","templated":true}]}}