{"id":404564,"date":"2024-06-14T15:57:55","date_gmt":"2024-06-14T13:57:55","guid":{"rendered":"https:\/\/www.pcnen.com\/portal\/?p=404564"},"modified":"2024-06-14T15:58:38","modified_gmt":"2024-06-14T13:58:38","slug":"sarajevo-na-ambasadi-srbije-ispisano-genocidasi","status":"publish","type":"post","link":"https:\/\/www.pcnen.com\/portal\/2024\/06\/14\/sarajevo-na-ambasadi-srbije-ispisano-genocidasi\/","title":{"rendered":"Sarajevo: Na ambasadi Srbije ispisano &#8220;genocida\u0161i&#8221;"},"content":{"rendered":"<p>Na zgradi ambasade Republike Srbije u Sarajevu osvanuo je jutros natpis &#8220;genocida\u0161i&#8221;.<\/p>\n<p>Djelo je okvalifikovano kao povreda ravnopravnosti \u010dovjeka i gra\u0111anina, rekla je Srni portparol Ministarstva unutra\u0161njih poslova Kantona Sarajevo Mersiha Novali\u0107<\/p>\n<p>Novali\u0107 je rekla da je uvi\u0111aj obavljen i da se zgrada na kojoj je ispisan grafit nalazi desetak metara od ambasade.<\/p>\n<p>Ona je rekla da je ispisivanje grafita na ogradama Ambasade Ma\u0111arske i Ambasade Slova\u010dke u Sarajevu, o \u010demu je Srna jutros pisala, okvalifikovano kao krivi\u010dno djelo o\u0161te\u0107enja tu\u0111e stvari.<\/p>\n<p>Vandali su na ogradama ispisali broj \u017ertava u Srebrenici na ogradama ispred ambasade Ma\u0111arske u Sarajevu koja je na glasanju o rezoluciji o Srebrenici u Generalnoj skup\u0161tini UN bila protiv, te ispred ambasade Slova\u010dke koja je bila uzdr\u017eana.<\/p>\n","protected":false},"excerpt":{"rendered":"<p>\u00a0Na zgradi ambasade Republike Srbije u Sarajevu osvanuo je jutros natpis &#8220;genocida\u0161i&#8221;.<\/p>\n","protected":false},"author":1,"featured_media":404567,"comment_status":"open","ping_status":"closed","sticky":false,"template":"","format":"standard","meta":{"_seopress_robots_primary_cat":"none","_seopress_titles_title":"","_seopress_titles_desc":"","_seopress_robots_index":"","_et_pb_use_builder":"","_et_pb_old_content":"","_et_gb_content_width":"","inline_featured_image":false,"footnotes":""},"categories":[14],"tags":[],"class_list":["post-404564","post","type-post","status-publish","format-standard","has-post-thumbnail","hentry","category-vijesti"],"_links":{"self":[{"href":"https:\/\/www.pcnen.com\/portal\/wp-json\/wp\/v2\/posts\/404564","targetHints":{"allow":["GET"]}}],"collection":[{"href":"https:\/\/www.pcnen.com\/portal\/wp-json\/wp\/v2\/posts"}],"about":[{"href":"https:\/\/www.pcnen.com\/portal\/wp-json\/wp\/v2\/types\/post"}],"author":[{"embeddable":true,"href":"https:\/\/www.pcnen.com\/portal\/wp-json\/wp\/v2\/users\/1"}],"replies":[{"embeddable":true,"href":"https:\/\/www.pcnen.com\/portal\/wp-json\/wp\/v2\/comments?post=404564"}],"version-history":[{"count":2,"href":"https:\/\/www.pcnen.com\/portal\/wp-json\/wp\/v2\/posts\/404564\/revisions"}],"predecessor-version":[{"id":404569,"href":"https:\/\/www.pcnen.com\/portal\/wp-json\/wp\/v2\/posts\/404564\/revisions\/404569"}],"wp:featuredmedia":[{"embeddable":true,"href":"https:\/\/www.pcnen.com\/portal\/wp-json\/wp\/v2\/media\/404567"}],"wp:attachment":[{"href":"https:\/\/www.pcnen.com\/portal\/wp-json\/wp\/v2\/media?parent=404564"}],"wp:term":[{"taxonomy":"category","embeddable":true,"href":"https:\/\/www.pcnen.com\/portal\/wp-json\/wp\/v2\/categories?post=404564"},{"taxonomy":"post_tag","embeddable":true,"href":"https:\/\/www.pcnen.com\/portal\/wp-json\/wp\/v2\/tags?post=404564"}],"curies":[{"name":"wp","href":"https:\/\/api.w.org\/{rel}","templated":true}]}}