{"id":404535,"date":"2024-06-14T11:06:30","date_gmt":"2024-06-14T09:06:30","guid":{"rendered":"https:\/\/www.pcnen.com\/portal\/?p=404535"},"modified":"2024-06-14T11:06:53","modified_gmt":"2024-06-14T09:06:53","slug":"bih-svjedoci-genocida-pisali-bramercu","status":"publish","type":"post","link":"https:\/\/www.pcnen.com\/portal\/2024\/06\/14\/bih-svjedoci-genocida-pisali-bramercu\/","title":{"rendered":"BiH: Svjedoci genocida pisali Bramercu"},"content":{"rendered":"<p>Strukture iz entiteta Republika Srpska (RS) vr\u0161e progon \u017ertava, svjedoka, povratnika, upozorili su iz Udru\u017eenja \u017ertava i svjedoka genocida u Bosni i Hercegovini (BiH) i zatra\u017eili od glavnog tu\u017eioca Mehanizma za me\u0111unarodne krivi\u010dne tribunale Ser\u017ea Bramerca da o tome odmah obavijesti UN, Evropsku uniju (EU) i Vije\u0107e za provedbu mira u BiH.<\/p>\n<p>U pismu koje su uputili Bramercu 14. juna navode kako su &#8220;ladice tu\u017eioca u BiH prepune njihovih prijava za negiranje, ka\u017enjivo prema Krivi\u010dnom zakonu BiH, koji ni\u0161ta ne preduzimaju, a ratni zlo\u010dinci nalaze se za\u0161ti\u0107eni u Srbiji i Hrvatskoj&#8221;, prenosi RSE.<\/p>\n<p>&#8220;Prema raspolo\u017eivim informacijama u toku je sudski postupak protiv Munire Suba\u0161i\u0107 (Udru\u017eenje Make Srebrenice), pokrenuta je krivi\u010dna prijava protiv Emira Suljagi\u0107a, direktora Memorijalnog centra Srebrenica, podnesena krivi\u010dna prijava protiv Ramiza Salki\u0107a, poslanika u narodnoj Skup\u0161tini RS-a. Sve prijave se odnose na izazivanje rasne i vjerske netrpeljivosti&#8221;, naveli su iz Udru\u017eenja u pismu.<\/p>\n<p>Me\u0111unarodni rezidualni mehanizam za krivi\u010dne sudove ima mandat da obavlja vi\u0161e klju\u010dnih funkcija Me\u0111unarodnog krivi\u010dnog suda za Ruandu (MKSR) i Me\u0111unarodnog krivi\u010dnog suda za biv\u0161u Jugoslaviju (MKSJ).<\/p>\n<p>Generalna skup\u0161tina Ujedinjenih nacija je na sjednici 23. maja usvojila Rezoluciju kojom se 11. juli progla\u0161ava Me\u0111unarodnim danom sje\u0107anja na genocid u Srebrenici i osu\u0111uju negiranje genocida i veli\u010danje ratnih zlo\u010dinaca.<\/p>\n<p>Me\u0111unarodni sud pravde u Hagu je 2007. zlo\u010din u Srebrenici okarakterizirao kao genocid, koji zvani\u010dni Beograd i vlasti bh. entiteta Republika Srpska negiraju.<\/p>\n<p>Za genocid u Srebrenicu osu\u0111eno je vi\u0161e od 50 osoba, na oko 700 godina zatvora, a me\u0111u njima ratni predsjednik RS-a Radovan Karad\u017ei\u0107 i glavni komandant Vojske RS-a Ratko Mladi\u0107.<\/p>\n","protected":false},"excerpt":{"rendered":"<p>Strukture iz entiteta Republika Srpska (RS) vr\u0161e progon \u017ertava, svjedoka, povratnika, upozorili su iz Udru\u017eenja \u017ertava i svjedoka genocida u Bosni i Hercegovini (BiH) i zatra\u017eili od glavnog tu\u017eioca Mehanizma za me\u0111unarodne krivi\u010dne tribunale Ser\u017ea Bramerca da o tome odmah obavijesti UN, Evropsku uniju (EU) i Vije\u0107e za provedbu mira u BiH.<\/p>\n","protected":false},"author":1,"featured_media":152202,"comment_status":"open","ping_status":"closed","sticky":false,"template":"","format":"standard","meta":{"_seopress_robots_primary_cat":"none","_seopress_titles_title":"","_seopress_titles_desc":"","_seopress_robots_index":"","_et_pb_use_builder":"","_et_pb_old_content":"","_et_gb_content_width":"","inline_featured_image":false,"footnotes":""},"categories":[14],"tags":[],"class_list":["post-404535","post","type-post","status-publish","format-standard","has-post-thumbnail","hentry","category-vijesti"],"_links":{"self":[{"href":"https:\/\/www.pcnen.com\/portal\/wp-json\/wp\/v2\/posts\/404535","targetHints":{"allow":["GET"]}}],"collection":[{"href":"https:\/\/www.pcnen.com\/portal\/wp-json\/wp\/v2\/posts"}],"about":[{"href":"https:\/\/www.pcnen.com\/portal\/wp-json\/wp\/v2\/types\/post"}],"author":[{"embeddable":true,"href":"https:\/\/www.pcnen.com\/portal\/wp-json\/wp\/v2\/users\/1"}],"replies":[{"embeddable":true,"href":"https:\/\/www.pcnen.com\/portal\/wp-json\/wp\/v2\/comments?post=404535"}],"version-history":[{"count":2,"href":"https:\/\/www.pcnen.com\/portal\/wp-json\/wp\/v2\/posts\/404535\/revisions"}],"predecessor-version":[{"id":404539,"href":"https:\/\/www.pcnen.com\/portal\/wp-json\/wp\/v2\/posts\/404535\/revisions\/404539"}],"wp:featuredmedia":[{"embeddable":true,"href":"https:\/\/www.pcnen.com\/portal\/wp-json\/wp\/v2\/media\/152202"}],"wp:attachment":[{"href":"https:\/\/www.pcnen.com\/portal\/wp-json\/wp\/v2\/media?parent=404535"}],"wp:term":[{"taxonomy":"category","embeddable":true,"href":"https:\/\/www.pcnen.com\/portal\/wp-json\/wp\/v2\/categories?post=404535"},{"taxonomy":"post_tag","embeddable":true,"href":"https:\/\/www.pcnen.com\/portal\/wp-json\/wp\/v2\/tags?post=404535"}],"curies":[{"name":"wp","href":"https:\/\/api.w.org\/{rel}","templated":true}]}}