{"id":404498,"date":"2024-06-13T21:50:16","date_gmt":"2024-06-13T19:50:16","guid":{"rendered":"https:\/\/www.pcnen.com\/portal\/?p=404498"},"modified":"2024-06-13T21:50:30","modified_gmt":"2024-06-13T19:50:30","slug":"prije-podne-kisa-do-29-stepeni","status":"publish","type":"post","link":"https:\/\/www.pcnen.com\/portal\/2024\/06\/13\/prije-podne-kisa-do-29-stepeni\/","title":{"rendered":"Prije podne ki\u0161a, do 29 stepeni"},"content":{"rendered":"<p>U petak \u0107e u Crnoj Gori biti promjenljivo obla\u010dno sa du\u017eim sun\u010danim intervalima.<\/p>\n<p>Tokom jutra ili prijepodneva mjestimi\u010dno \u0107e padati ki\u0161a ili pljuskovi pra\u0107eni grmljavinom.<\/p>\n<p>Vjetar slab do umjeren, na primorju ponegdje poja\u010dan, bi\u0107e sjeverni i sjeverozapadni.<\/p>\n<p>Jutarnja temperatura vazduha kreta\u0107e se od 8 do 19, najvi\u0161a dnevna od 17 do 29 stepeni.<\/p>\n<p>U Podgorici \u0107e biti promjenljivo obla\u010dno sa du\u017eim sun\u010danim intervalima, uz uslove za ki\u0161u ili pljusak pra\u0107en grmljavinom, uglavnom u jutarnjim satima.<\/p>\n<p>Vjetar slab do umjeren bi\u0107e promjenljiv.<\/p>\n<p>Jutarnja temperatura vazduha \u0107e biti oko 18, najvi\u0161a dnevna 28 stepeni.<\/p>\n","protected":false},"excerpt":{"rendered":"<p>U petak \u0107e u Crnoj Gori biti promjenljivo obla\u010dno sa du\u017eim sun\u010danim intervalima.<\/p>\n","protected":false},"author":1,"featured_media":369668,"comment_status":"open","ping_status":"closed","sticky":false,"template":"","format":"standard","meta":{"_seopress_robots_primary_cat":"none","_seopress_titles_title":"","_seopress_titles_desc":"","_seopress_robots_index":"","_et_pb_use_builder":"","_et_pb_old_content":"","_et_gb_content_width":"","inline_featured_image":false,"footnotes":""},"categories":[14],"tags":[],"class_list":["post-404498","post","type-post","status-publish","format-standard","has-post-thumbnail","hentry","category-vijesti"],"_links":{"self":[{"href":"https:\/\/www.pcnen.com\/portal\/wp-json\/wp\/v2\/posts\/404498","targetHints":{"allow":["GET"]}}],"collection":[{"href":"https:\/\/www.pcnen.com\/portal\/wp-json\/wp\/v2\/posts"}],"about":[{"href":"https:\/\/www.pcnen.com\/portal\/wp-json\/wp\/v2\/types\/post"}],"author":[{"embeddable":true,"href":"https:\/\/www.pcnen.com\/portal\/wp-json\/wp\/v2\/users\/1"}],"replies":[{"embeddable":true,"href":"https:\/\/www.pcnen.com\/portal\/wp-json\/wp\/v2\/comments?post=404498"}],"version-history":[{"count":1,"href":"https:\/\/www.pcnen.com\/portal\/wp-json\/wp\/v2\/posts\/404498\/revisions"}],"predecessor-version":[{"id":404501,"href":"https:\/\/www.pcnen.com\/portal\/wp-json\/wp\/v2\/posts\/404498\/revisions\/404501"}],"wp:featuredmedia":[{"embeddable":true,"href":"https:\/\/www.pcnen.com\/portal\/wp-json\/wp\/v2\/media\/369668"}],"wp:attachment":[{"href":"https:\/\/www.pcnen.com\/portal\/wp-json\/wp\/v2\/media?parent=404498"}],"wp:term":[{"taxonomy":"category","embeddable":true,"href":"https:\/\/www.pcnen.com\/portal\/wp-json\/wp\/v2\/categories?post=404498"},{"taxonomy":"post_tag","embeddable":true,"href":"https:\/\/www.pcnen.com\/portal\/wp-json\/wp\/v2\/tags?post=404498"}],"curies":[{"name":"wp","href":"https:\/\/api.w.org\/{rel}","templated":true}]}}