{"id":404493,"date":"2024-06-13T20:42:52","date_gmt":"2024-06-13T18:42:52","guid":{"rendered":"https:\/\/www.pcnen.com\/portal\/?p=404493"},"modified":"2024-06-13T20:42:52","modified_gmt":"2024-06-13T18:42:52","slug":"u-sloveniji-snijeg-u-junu","status":"publish","type":"post","link":"https:\/\/www.pcnen.com\/portal\/2024\/06\/13\/u-sloveniji-snijeg-u-junu\/","title":{"rendered":"U Sloveniji snijeg u junu"},"content":{"rendered":"<p>Sloveniju je danas pre\u0161ao hladni front koji je donio ni\u017ee temperature, ali i, kako su ranije prognozirali meteorolozi, junski snijeg u vi\u0161a podru\u010dja.<\/p>\n<p>&#8220;Zima u brdima jo\u0161 nije rekla zbogom. Na na\u0161oj najvi\u0161oj meteorolo\u0161koj stanici na Kredarici pada snijeg. Od novog mokrog snijega napravili smo Snje\u0161ka Bijeli\u0107a, koji \u0107e u narednih nekoliko dana krasiti i na\u0161u meteorolo\u0161ku kameru&#8221;, napisali su meteorolozi slovena\u010dke Agencije za \u017eivotnu sredinu RS (Arso) na dru\u0161tvenoj mre\u017ei X.<\/p>\n<blockquote class=\"twitter-tweet\">\n<p dir=\"ltr\" lang=\"sl\">\u2603\ufe0fZima v visokogorju se \u0161e ni poslovila. Na na\u0161i najvi\u0161ji vremenski postaji na Kredarici sne\u017ei. Iz novega mokrega snega je nastal sne\u017eak, ki bo v naslednjih dneh krasil pogled tudi na na\u0161i vremenski kameri.<a href=\"https:\/\/twitter.com\/hashtag\/sne%C5%BEak?src=hash&amp;ref_src=twsrc%5Etfw\">#sne\u017eak<\/a> <a href=\"https:\/\/twitter.com\/hashtag\/kredarica?src=hash&amp;ref_src=twsrc%5Etfw\">#kredarica<\/a> <a href=\"https:\/\/twitter.com\/hashtag\/snowman?src=hash&amp;ref_src=twsrc%5Etfw\">#snowman<\/a> <a href=\"https:\/\/t.co\/FU4xCIfnY7\">pic.twitter.com\/FU4xCIfnY7<\/a><\/p>\n<p>\u2014 ARSO vreme (@meteoSI) <a href=\"https:\/\/twitter.com\/meteoSI\/status\/1801239678663655657?ref_src=twsrc%5Etfw\">June 13, 2024<\/a><\/p><\/blockquote>\n<p><script async src=\"https:\/\/platform.twitter.com\/widgets.js\" charset=\"utf-8\"><\/script><\/p>\n<p>&nbsp;<\/p>\n","protected":false},"excerpt":{"rendered":"<p>Sloveniju je danas pre\u0161ao hladni front koji je donio ni\u017ee temperature, ali i, kako su ranije prognozirali meteorolozi, junski snijeg u vi\u0161a podru\u010dja. &#8220;Zima u brdima jo\u0161 nije rekla zbogom. Na na\u0161oj najvi\u0161oj meteorolo\u0161koj stanici na Kredarici pada snijeg. Od novog mokrog snijega napravili smo Snje\u0161ka Bijeli\u0107a, koji \u0107e u narednih nekoliko dana krasiti i [&hellip;]<\/p>\n","protected":false},"author":1,"featured_media":404496,"comment_status":"open","ping_status":"closed","sticky":false,"template":"","format":"standard","meta":{"_seopress_robots_primary_cat":"none","_seopress_titles_title":"","_seopress_titles_desc":"","_seopress_robots_index":"","_et_pb_use_builder":"","_et_pb_old_content":"","_et_gb_content_width":"","inline_featured_image":false,"footnotes":""},"categories":[14],"tags":[],"class_list":["post-404493","post","type-post","status-publish","format-standard","has-post-thumbnail","hentry","category-vijesti"],"_links":{"self":[{"href":"https:\/\/www.pcnen.com\/portal\/wp-json\/wp\/v2\/posts\/404493","targetHints":{"allow":["GET"]}}],"collection":[{"href":"https:\/\/www.pcnen.com\/portal\/wp-json\/wp\/v2\/posts"}],"about":[{"href":"https:\/\/www.pcnen.com\/portal\/wp-json\/wp\/v2\/types\/post"}],"author":[{"embeddable":true,"href":"https:\/\/www.pcnen.com\/portal\/wp-json\/wp\/v2\/users\/1"}],"replies":[{"embeddable":true,"href":"https:\/\/www.pcnen.com\/portal\/wp-json\/wp\/v2\/comments?post=404493"}],"version-history":[{"count":1,"href":"https:\/\/www.pcnen.com\/portal\/wp-json\/wp\/v2\/posts\/404493\/revisions"}],"predecessor-version":[{"id":404497,"href":"https:\/\/www.pcnen.com\/portal\/wp-json\/wp\/v2\/posts\/404493\/revisions\/404497"}],"wp:featuredmedia":[{"embeddable":true,"href":"https:\/\/www.pcnen.com\/portal\/wp-json\/wp\/v2\/media\/404496"}],"wp:attachment":[{"href":"https:\/\/www.pcnen.com\/portal\/wp-json\/wp\/v2\/media?parent=404493"}],"wp:term":[{"taxonomy":"category","embeddable":true,"href":"https:\/\/www.pcnen.com\/portal\/wp-json\/wp\/v2\/categories?post=404493"},{"taxonomy":"post_tag","embeddable":true,"href":"https:\/\/www.pcnen.com\/portal\/wp-json\/wp\/v2\/tags?post=404493"}],"curies":[{"name":"wp","href":"https:\/\/api.w.org\/{rel}","templated":true}]}}