{"id":404489,"date":"2024-06-13T20:35:04","date_gmt":"2024-06-13T18:35:04","guid":{"rendered":"https:\/\/www.pcnen.com\/portal\/?p=404489"},"modified":"2024-06-13T20:35:04","modified_gmt":"2024-06-13T18:35:04","slug":"zelenski-zatrazio-od-lidera-g7-da-odobre-marsalov-plan","status":"publish","type":"post","link":"https:\/\/www.pcnen.com\/portal\/2024\/06\/13\/zelenski-zatrazio-od-lidera-g7-da-odobre-marsalov-plan\/","title":{"rendered":"Zelenski zatra\u017eio od lidera G7 da odobre &#8221;Mar\u0161alov plan&#8221;"},"content":{"rendered":"<p>Ukrajinski predsjednik Volodimir Zelenski danas je zatra\u017eio od lidera G7 da odobre &#8221;Mar\u0161alov plan&#8221; za obnovu Ukrajine nakon \u0161tete koja je nastala usljed rata sa Rusijom, a Svjetska banka je procijenila da c\u0301e obnova Ukrajine ko\u0161tati skoro 500 milijardi dolara.<\/p>\n<p>&#8220;Potreban nam je jasan plan za oporavak Ukrajine. Sli\u010dno onome \u0161to je Mar\u0161alov plan bio za Evropu poslije rata&#8221;, rekao je on liderima G7.<\/p>\n<p>Mar\u0161alov plan je bio program ekonomske pomoc\u0301i vrijedan vi\u0161e milijardi dolara koji su SAD isporu\u010dile svojim evropskim saveznicima poslije Drugog svjetskog rata, a zaslu\u017ean je za revitalizaciju tih ekonomija nakon razaranja u sukobu, podsje\u0107a Rojters.<\/p>\n<p>Zelenski je istakao da je nedavno ukidanje ograni\u010denja na upotrebu zapadnog oru\u017eja na ciljevima unutar Rusije dalo Ukrajini dodatnu za\u0161titu od vazdu\u0161nih udara, posebno u gradu Harkovu na istoku zemlje.<\/p>\n<p>&#8221;Me\u0111utim, jo\u0161 uvijek smo u potrazi za dodatnim PVO sistemima Patriot i potrebno nam je vi\u0161e istih moc\u0301nih koraka koji su preduzeti (kako bismo pobolj\u0161ali) na\u0161e sposobnosti za dugotrajne udare&#8221;, poru\u010dio je liderima zemalja G7.<\/p>\n<p>Samit G7 otvoren je danas u mjestu Borgo Enjacija, u ju\u017enoj Italiji, dogovorom lidera o zajmu za Ukrajinu od 50 milijardi dolara od zamrtnute ruske imovine.<\/p>\n","protected":false},"excerpt":{"rendered":"<p>Ukrajinski predsjednik Volodimir Zelenski danas je zatra\u017eio od lidera G7 da odobre &#8221;Mar\u0161alov plan&#8221; za obnovu Ukrajine nakon \u0161tete koja je nastala usljed rata sa Rusijom, a Svjetska banka je procijenila da c\u0301e obnova Ukrajine ko\u0161tati skoro 500 milijardi dolara.<\/p>\n","protected":false},"author":1,"featured_media":387545,"comment_status":"open","ping_status":"closed","sticky":false,"template":"","format":"standard","meta":{"_seopress_robots_primary_cat":"none","_seopress_titles_title":"","_seopress_titles_desc":"","_seopress_robots_index":"","_et_pb_use_builder":"","_et_pb_old_content":"","_et_gb_content_width":"","inline_featured_image":false,"footnotes":""},"categories":[14],"tags":[],"class_list":["post-404489","post","type-post","status-publish","format-standard","has-post-thumbnail","hentry","category-vijesti"],"_links":{"self":[{"href":"https:\/\/www.pcnen.com\/portal\/wp-json\/wp\/v2\/posts\/404489","targetHints":{"allow":["GET"]}}],"collection":[{"href":"https:\/\/www.pcnen.com\/portal\/wp-json\/wp\/v2\/posts"}],"about":[{"href":"https:\/\/www.pcnen.com\/portal\/wp-json\/wp\/v2\/types\/post"}],"author":[{"embeddable":true,"href":"https:\/\/www.pcnen.com\/portal\/wp-json\/wp\/v2\/users\/1"}],"replies":[{"embeddable":true,"href":"https:\/\/www.pcnen.com\/portal\/wp-json\/wp\/v2\/comments?post=404489"}],"version-history":[{"count":1,"href":"https:\/\/www.pcnen.com\/portal\/wp-json\/wp\/v2\/posts\/404489\/revisions"}],"predecessor-version":[{"id":404492,"href":"https:\/\/www.pcnen.com\/portal\/wp-json\/wp\/v2\/posts\/404489\/revisions\/404492"}],"wp:featuredmedia":[{"embeddable":true,"href":"https:\/\/www.pcnen.com\/portal\/wp-json\/wp\/v2\/media\/387545"}],"wp:attachment":[{"href":"https:\/\/www.pcnen.com\/portal\/wp-json\/wp\/v2\/media?parent=404489"}],"wp:term":[{"taxonomy":"category","embeddable":true,"href":"https:\/\/www.pcnen.com\/portal\/wp-json\/wp\/v2\/categories?post=404489"},{"taxonomy":"post_tag","embeddable":true,"href":"https:\/\/www.pcnen.com\/portal\/wp-json\/wp\/v2\/tags?post=404489"}],"curies":[{"name":"wp","href":"https:\/\/api.w.org\/{rel}","templated":true}]}}